{"id":333157,"date":"2020-03-02T23:45:08","date_gmt":"2020-03-03T05:45:08","guid":{"rendered":"http:\/\/www.zunoticia.com\/?p=333157"},"modified":"2020-03-02T23:45:08","modified_gmt":"2020-03-03T05:45:08","slug":"en-semana-de-educacion-especial-recaudaran-fondos-para-el-cam","status":"publish","type":"post","link":"https:\/\/www.zunoticia.com\/noticias-de-hidalgo\/2020\/03\/02\/en-semana-de-educacion-especial-recaudaran-fondos-para-el-cam\/","title":{"rendered":"En semana de educaci\u00f3n especial  recaudar\u00e1n fondos para el CAM"},"content":{"rendered":"<aside class=\"mashsb-container mashsb-main mashsb-stretched\"><div class=\"mashsb-box\"><div class=\"mashsb-count mash-large\" style=\"float:left\"><div class=\"counts mashsbcount\">0<\/div><span class=\"mashsb-sharetext\">SHARES<\/span><\/div><div class=\"mashsb-buttons\"><a class=\"mashicon-facebook mash-large mash-center mashsb-noshadow\" href=\"https:\/\/www.facebook.com\/sharer.php?u=https%3A%2F%2Fwww.zunoticia.com%2Fnoticias-de-hidalgo%2F2020%2F03%2F02%2Fen-semana-de-educacion-especial-recaudaran-fondos-para-el-cam%2F\" target=\"_top\" rel=\"nofollow\"><span class=\"icon\"><\/span><span class=\"text\">Share<\/span><\/a><a class=\"mashicon-twitter mash-large mash-center mashsb-noshadow\" href=\"https:\/\/twitter.com\/intent\/tweet?text=&amp;url=https:\/\/www.zunoticia.com\/noticias-de-hidalgo\/2020\/03\/02\/en-semana-de-educacion-especial-recaudaran-fondos-para-el-cam\/\" target=\"_top\" rel=\"nofollow\"><span class=\"icon\"><\/span><span class=\"text\">Tweet<\/span><\/a><div class=\"onoffswitch2 mash-large mashsb-noshadow\" style=\"display:none\"><\/div><\/div>\n            <\/div>\n                <div style=\"clear:both\"><\/div><div class=\"mashsb-toggle-container\"><\/div><\/aside>\n            <!-- Share buttons by mashshare.net - Version: 4.0.47-->\n<p>Tampac\u00e1n, S.L.P.- La directora del\nCentro de Atenci\u00f3n M\u00faltiple (CAM) que durante esta Semana de Educaci\u00f3n Especial\nrealizar\u00e1n diferentes actividades educativas y de vendimia.<\/p>\n\n\n\n<p>Vertina Hern\u00e1ndez Gonzales dio a\nconocer que durante esta semana, y en la semana de Educaci\u00f3n Especial, invitan\na la ciudadan\u00eda en general a ayudar y apoyar las actividades que realizar\u00e1n,\ncomo vendimia de antojitos mexicanos en el d\u00eda de plaza.<\/p>\n\n\n\n<p>Adem\u00e1s del Tampacat\u00f3n, donde se les\ninvita a apoyar, donde se llevar\u00e1n un bonito obsequio por los alumnos, los\ncuales de esta manera agradecen el apoyo que la ciudadan\u00eda de Tampac\u00e1n les\nestar\u00e1 brindando, ya que este recurso que llega al CAM&nbsp; es muy bien utilizado en uniformes y calzado para\nlos alumnos y en materiales de trabajo.<\/p>\n\n\n\n<p>Por otra parte, se record\u00f3 como se\ninici\u00f3 el&nbsp; CAM en el municipio en el\n2011, en la administraci\u00f3n que presidia el exalcalde Dar\u00edo Hervert, quien trajo\nal municipio este Centro de Atenci\u00f3n M\u00faltiple y que hasta la fecha sigue\noperando gracias al apoyo de los tampacanenses y de los alcaldes, ya que es una\ninstituci\u00f3n muy indispensable para todos los ni\u00f1os que lo necesitan, para que sean\nincluidos en la vida cotidiana.<\/p>\n","protected":false},"excerpt":{"rendered":"<p>Tampac\u00e1n, S.L.P.- La directora del Centro de Atenci\u00f3n M\u00faltiple (CAM) que durante esta Semana de Educaci\u00f3n Especial realizar\u00e1n diferentes actividades educativas y de vendimia. Vertina Hern\u00e1ndez Gonzales dio a conocer que durante esta semana, y en la semana de Educaci\u00f3n Especial, invitan a la ciudadan\u00eda en general a ayudar y apoyar las actividades que realizar\u00e1n,&hellip; <a class=\"more-link\" href=\"https:\/\/www.zunoticia.com\/noticias-de-hidalgo\/2020\/03\/02\/en-semana-de-educacion-especial-recaudaran-fondos-para-el-cam\/\">Seguir leyendo <span class=\"screen-reader-text\">En semana de educaci\u00f3n especial  recaudar\u00e1n fondos para el CAM<\/span><\/a><\/p>\n","protected":false},"author":12,"featured_media":333118,"comment_status":"open","ping_status":"open","sticky":false,"template":"","format":"standard","meta":{"rop_custom_images_group":[],"rop_custom_messages_group":[],"rop_publish_now":"initial","rop_publish_now_accounts":{"facebook_10159540855086992_322828327761733":""},"rop_publish_now_history":[],"rop_publish_now_status":"pending","footnotes":""},"categories":[1],"tags":[163],"class_list":["post-333157","post","type-post","status-publish","format-standard","has-post-thumbnail","hentry","category-sin-categoria","tag-tampacan","entry"],"_links":{"self":[{"href":"https:\/\/www.zunoticia.com\/noticias-de-hidalgo\/wp-json\/wp\/v2\/posts\/333157","targetHints":{"allow":["GET"]}}],"collection":[{"href":"https:\/\/www.zunoticia.com\/noticias-de-hidalgo\/wp-json\/wp\/v2\/posts"}],"about":[{"href":"https:\/\/www.zunoticia.com\/noticias-de-hidalgo\/wp-json\/wp\/v2\/types\/post"}],"author":[{"embeddable":true,"href":"https:\/\/www.zunoticia.com\/noticias-de-hidalgo\/wp-json\/wp\/v2\/users\/12"}],"replies":[{"embeddable":true,"href":"https:\/\/www.zunoticia.com\/noticias-de-hidalgo\/wp-json\/wp\/v2\/comments?post=333157"}],"version-history":[{"count":0,"href":"https:\/\/www.zunoticia.com\/noticias-de-hidalgo\/wp-json\/wp\/v2\/posts\/333157\/revisions"}],"wp:featuredmedia":[{"embeddable":true,"href":"https:\/\/www.zunoticia.com\/noticias-de-hidalgo\/wp-json\/"}],"wp:attachment":[{"href":"https:\/\/www.zunoticia.com\/noticias-de-hidalgo\/wp-json\/wp\/v2\/media?parent=333157"}],"wp:term":[{"taxonomy":"category","embeddable":true,"href":"https:\/\/www.zunoticia.com\/noticias-de-hidalgo\/wp-json\/wp\/v2\/categories?post=333157"},{"taxonomy":"post_tag","embeddable":true,"href":"https:\/\/www.zunoticia.com\/noticias-de-hidalgo\/wp-json\/wp\/v2\/tags?post=333157"}],"curies":[{"name":"wp","href":"https:\/\/api.w.org\/{rel}","templated":true}]}}