{"id":333161,"date":"2020-03-02T23:46:46","date_gmt":"2020-03-03T05:46:46","guid":{"rendered":"http:\/\/www.zunoticia.com\/?p=333161"},"modified":"2020-03-02T23:46:46","modified_gmt":"2020-03-03T05:46:46","slug":"celebran-55-aniversario-de-la-semana-de-educacion-especial","status":"publish","type":"post","link":"https:\/\/www.zunoticia.com\/noticias-de-hidalgo\/2020\/03\/02\/celebran-55-aniversario-de-la-semana-de-educacion-especial\/","title":{"rendered":"Celebran 55 Aniversario de la  Semana de Educaci\u00f3n Especial"},"content":{"rendered":"<aside class=\"mashsb-container mashsb-main mashsb-stretched\"><div class=\"mashsb-box\"><div class=\"mashsb-count mash-large\" style=\"float:left\"><div class=\"counts mashsbcount\">0<\/div><span class=\"mashsb-sharetext\">SHARES<\/span><\/div><div class=\"mashsb-buttons\"><a class=\"mashicon-facebook mash-large mash-center mashsb-noshadow\" href=\"https:\/\/www.facebook.com\/sharer.php?u=https%3A%2F%2Fwww.zunoticia.com%2Fnoticias-de-hidalgo%2F2020%2F03%2F02%2Fcelebran-55-aniversario-de-la-semana-de-educacion-especial%2F\" target=\"_top\" rel=\"nofollow\"><span class=\"icon\"><\/span><span class=\"text\">Share<\/span><\/a><a class=\"mashicon-twitter mash-large mash-center mashsb-noshadow\" href=\"https:\/\/twitter.com\/intent\/tweet?text=&amp;url=https:\/\/www.zunoticia.com\/noticias-de-hidalgo\/2020\/03\/02\/celebran-55-aniversario-de-la-semana-de-educacion-especial\/\" target=\"_top\" rel=\"nofollow\"><span class=\"icon\"><\/span><span class=\"text\">Tweet<\/span><\/a><div class=\"onoffswitch2 mash-large mashsb-noshadow\" style=\"display:none\"><\/div><\/div>\n            <\/div>\n                <div style=\"clear:both\"><\/div><div class=\"mashsb-toggle-container\"><\/div><\/aside>\n            <!-- Share buttons by mashshare.net - Version: 4.0.47-->\n<p>Del 2 al 6 de marzo el CAM Rosara Zapata estar\u00e1n desarrollando\nactividades en el interior del plantel y solo una de estas ser\u00e1 fuera de las\ninstalaciones<\/p>\n\n\n\n<p>Georgina Jaramillo<\/p>\n\n\n\n<p>Xilitla, S.L.P.- El Centro de Atenci\u00f3n M\u00faltiple \u201cRosara Zapata\u201d dio inicio\na las actividades por el 55 Aniversario de la Semana de Educaci\u00f3n Especial mismas\nque se estar\u00e1n desarrollando del 2 al 6 de marzo del presente a\u00f1o.<\/p>\n\n\n\n<p>Directora del CAM pide a la ciudadan\u00eda&nbsp;\na favorecer la inclusi\u00f3n de las personas con discapacidad.<\/p>\n\n\n\n<p>La actividad, dio inicio la ma\u00f1ana de ayer lunes en el marco de los\nHonores a la Bandera los cuales estuvieron presididos por la Profra. X\u00f3chitl Deyanira\nHerrera Gama, presidente del Sistema Municipal para el Desarrollo Integral de\nla Familia y dem\u00e1s trabajares del Ayuntamiento que preside el alcalde Mart\u00edn\nEduardo Mart\u00ednez Morales.<\/p>\n\n\n\n<p>Los Honores a la Ense\u00f1a Nacional estuvieron bajo la direcci\u00f3n del\npersonal docente de la instituci\u00f3n educativa quienes dirigieron el Himno\nNacional Mexicano mediante la lengua de se\u00f1as mexicana.<\/p>\n\n\n\n<p>En entrevista para Zunoticia Digital, la Profra. Mar\u00eda Guadalupe Oviedo\nEstrada, Directora del plantel de educaci\u00f3n especial, dijo que lo que se busca\nes la inclusi\u00f3n de las personas con discapacidad en la sociedad.<\/p>\n\n\n\n<p>Que se les otorguen lugares y espacios dignos y que sean incluidas y no\nexcluidas de la vida diaria como a cualquier otro ciudadano.<\/p>\n\n\n\n<p>La mayor\u00eda de las actividades -anunci\u00f3 la docente- se estar\u00e1n desarrollando\nen el interior del plantel y solo una de estas ser\u00e1 fuera de las instalaciones.<\/p>\n\n\n\n<p>Finalmente, la Directora del CAM hizo un llamado a la poblaci\u00f3n en\ngeneral \u201csabidos de la solidaridad que caracteriza a los xilitlense, acudimos\nante ellos para solicitarles de su valioso&nbsp;\napoyo a favorecer la inclusi\u00f3n y que esta no solo sea en la escuela, debe\nser en las instituciones de de gobierno, tiendas de auto servicio, entre otras\n\u00e1reas como las iglesias, tiendas y DIF\u201d.<\/p>\n\n\n\n<p>\u201cCuando les sea posible hagan llegar apoyos de&nbsp; pelotas, \u00fatiles escolares en buen estado o&nbsp; art\u00edculos en buenas condiciones que puedan\nser utilizados por los alumnos\u201d, puntualiz\u00f3.<\/p>\n","protected":false},"excerpt":{"rendered":"<p>Del 2 al 6 de marzo el CAM Rosara Zapata estar\u00e1n desarrollando actividades en el interior del plantel y solo una de estas ser\u00e1 fuera de las instalaciones Georgina Jaramillo Xilitla, S.L.P.- El Centro de Atenci\u00f3n M\u00faltiple \u201cRosara Zapata\u201d dio inicio a las actividades por el 55 Aniversario de la Semana de Educaci\u00f3n Especial mismas&hellip; <a class=\"more-link\" href=\"https:\/\/www.zunoticia.com\/noticias-de-hidalgo\/2020\/03\/02\/celebran-55-aniversario-de-la-semana-de-educacion-especial\/\">Seguir leyendo <span class=\"screen-reader-text\">Celebran 55 Aniversario de la  Semana de Educaci\u00f3n Especial<\/span><\/a><\/p>\n","protected":false},"author":12,"featured_media":333120,"comment_status":"open","ping_status":"open","sticky":false,"template":"","format":"standard","meta":{"rop_custom_images_group":[],"rop_custom_messages_group":[],"rop_publish_now":"initial","rop_publish_now_accounts":{"facebook_10159540855086992_322828327761733":""},"rop_publish_now_history":[],"rop_publish_now_status":"pending","footnotes":""},"categories":[1],"tags":[165],"class_list":["post-333161","post","type-post","status-publish","format-standard","has-post-thumbnail","hentry","category-sin-categoria","tag-xilitla","entry"],"_links":{"self":[{"href":"https:\/\/www.zunoticia.com\/noticias-de-hidalgo\/wp-json\/wp\/v2\/posts\/333161","targetHints":{"allow":["GET"]}}],"collection":[{"href":"https:\/\/www.zunoticia.com\/noticias-de-hidalgo\/wp-json\/wp\/v2\/posts"}],"about":[{"href":"https:\/\/www.zunoticia.com\/noticias-de-hidalgo\/wp-json\/wp\/v2\/types\/post"}],"author":[{"embeddable":true,"href":"https:\/\/www.zunoticia.com\/noticias-de-hidalgo\/wp-json\/wp\/v2\/users\/12"}],"replies":[{"embeddable":true,"href":"https:\/\/www.zunoticia.com\/noticias-de-hidalgo\/wp-json\/wp\/v2\/comments?post=333161"}],"version-history":[{"count":0,"href":"https:\/\/www.zunoticia.com\/noticias-de-hidalgo\/wp-json\/wp\/v2\/posts\/333161\/revisions"}],"wp:featuredmedia":[{"embeddable":true,"href":"https:\/\/www.zunoticia.com\/noticias-de-hidalgo\/wp-json\/"}],"wp:attachment":[{"href":"https:\/\/www.zunoticia.com\/noticias-de-hidalgo\/wp-json\/wp\/v2\/media?parent=333161"}],"wp:term":[{"taxonomy":"category","embeddable":true,"href":"https:\/\/www.zunoticia.com\/noticias-de-hidalgo\/wp-json\/wp\/v2\/categories?post=333161"},{"taxonomy":"post_tag","embeddable":true,"href":"https:\/\/www.zunoticia.com\/noticias-de-hidalgo\/wp-json\/wp\/v2\/tags?post=333161"}],"curies":[{"name":"wp","href":"https:\/\/api.w.org\/{rel}","templated":true}]}}