{"id":333593,"date":"2020-03-04T23:16:06","date_gmt":"2020-03-05T05:16:06","guid":{"rendered":"http:\/\/www.zunoticia.com\/?p=333593"},"modified":"2020-03-04T23:16:06","modified_gmt":"2020-03-05T05:16:06","slug":"se-prohibe-el-saludo-de-la-paz-y-la-comunion-en-la-boca-vnb","status":"publish","type":"post","link":"https:\/\/www.zunoticia.com\/noticias-de-hidalgo\/2020\/03\/04\/se-prohibe-el-saludo-de-la-paz-y-la-comunion-en-la-boca-vnb\/","title":{"rendered":"Se proh\u00edbe el  saludo de la paz  y la comuni\u00f3n  en la boca: VNB"},"content":{"rendered":"<aside class=\"mashsb-container mashsb-main mashsb-stretched\"><div class=\"mashsb-box\"><div class=\"mashsb-count mash-large\" style=\"float:left\"><div class=\"counts mashsbcount\">0<\/div><span class=\"mashsb-sharetext\">SHARES<\/span><\/div><div class=\"mashsb-buttons\"><a class=\"mashicon-facebook mash-large mash-center mashsb-noshadow\" href=\"https:\/\/www.facebook.com\/sharer.php?u=https%3A%2F%2Fwww.zunoticia.com%2Fnoticias-de-hidalgo%2F2020%2F03%2F04%2Fse-prohibe-el-saludo-de-la-paz-y-la-comunion-en-la-boca-vnb%2F\" target=\"_top\" rel=\"nofollow\"><span class=\"icon\"><\/span><span class=\"text\">Share<\/span><\/a><a class=\"mashicon-twitter mash-large mash-center mashsb-noshadow\" href=\"https:\/\/twitter.com\/intent\/tweet?text=&amp;url=https:\/\/www.zunoticia.com\/noticias-de-hidalgo\/2020\/03\/04\/se-prohibe-el-saludo-de-la-paz-y-la-comunion-en-la-boca-vnb\/\" target=\"_top\" rel=\"nofollow\"><span class=\"icon\"><\/span><span class=\"text\">Tweet<\/span><\/a><div class=\"onoffswitch2 mash-large mashsb-noshadow\" style=\"display:none\"><\/div><\/div>\n            <\/div>\n                <div style=\"clear:both\"><\/div><div class=\"mashsb-toggle-container\"><\/div><\/aside>\n            <!-- Share buttons by mashshare.net - Version: 4.0.47-->\n<p>Medidas preventivas se est\u00e1n aplicando en torno al coronavirus y que\nfueron emitidas por las autoridades de salud<\/p>\n\n\n\n<p>Georgina Jaramillo<\/p>\n\n\n\n<p>Axtla de Terrazas, S.L.P.- Autoridades eclesi\u00e1sticas de la iglesia cat\u00f3lica\ndieron a conocer las medidas preventivas que se est\u00e1n aplicando en torno al coronavirus\ny que fueron emitidas por las autoridades de salud.<\/p>\n\n\n\n<p>Vicente Narv\u00e1ez Badillo, P\u00e1rroco de la Iglesia Santa Catarina de\nAlejandr\u00eda dio a conocer que el Episcopado Mexicano ya les hizo llegar una\ncircular a los obispados quienes ya se las entregaron a los p\u00e1rrocos y una de\nlas medidas que se est\u00e1n tomando son \u201cque la comuni\u00f3n se d\u00e9 en la mano,&nbsp; se pone la mano izquierda arriba y la derecha\nabajo y se toma con la derecha y se consume y en caso de ser surda la persona,\nes a la inversa\u201d, explic\u00f3.<\/p>\n\n\n\n<p>Record\u00f3 que dichas medidas ya se hab\u00edan implementando cuando se dio el\nproblema del SIDA y posteriormente cuando apareci\u00f3 la Influenza.<\/p>\n\n\n\n<p>Dijo que se evitar\u00e1 el saludo de la paz \u201cser\u00e1 sustituido por signo el\ncual consiste en un saludo de lejos, nosotros ya lo empezamos a hacer con los\nni\u00f1os a quienes le levantamos la mano al ni\u00f1o y ellos hacen los mismo, adem\u00e1s de\nevitar el saludo del beso o mano\u201d.<\/p>\n\n\n\n<p>Respecto a la asistencia a misa por parte de la poblaci\u00f3n, Narv\u00e1ez\nBadillo, dijo que las recomendaciones a los asistentes son que no exista un\ncontacto f\u00edsico como es el de saludarse de beso o mano, sin embargo cada quien\ndecide.<\/p>\n\n\n\n<p>Lo que se est\u00e1 buscando es que se tenga la cultura de la prevenci\u00f3n y\naclar\u00f3 que hasta este momento no se tiene conocimiento de este tipo de casos.<\/p>\n\n\n\n<p>Las medidas, dijo son temporales y consider\u00f3 que tal vez algunas cosas las\nempezar\u00e1n a trabajar como parte de una cultura preventiva.<\/p>\n","protected":false},"excerpt":{"rendered":"<p>Medidas preventivas se est\u00e1n aplicando en torno al coronavirus y que fueron emitidas por las autoridades de salud Georgina Jaramillo Axtla de Terrazas, S.L.P.- Autoridades eclesi\u00e1sticas de la iglesia cat\u00f3lica dieron a conocer las medidas preventivas que se est\u00e1n aplicando en torno al coronavirus y que fueron emitidas por las autoridades de salud. Vicente Narv\u00e1ez&hellip; <a class=\"more-link\" href=\"https:\/\/www.zunoticia.com\/noticias-de-hidalgo\/2020\/03\/04\/se-prohibe-el-saludo-de-la-paz-y-la-comunion-en-la-boca-vnb\/\">Seguir leyendo <span class=\"screen-reader-text\">Se proh\u00edbe el  saludo de la paz  y la comuni\u00f3n  en la boca: VNB<\/span><\/a><\/p>\n","protected":false},"author":12,"featured_media":333594,"comment_status":"open","ping_status":"open","sticky":false,"template":"","format":"standard","meta":{"rop_custom_images_group":[],"rop_custom_messages_group":[],"rop_publish_now":"initial","rop_publish_now_accounts":{"facebook_10159540855086992_322828327761733":""},"rop_publish_now_history":[],"rop_publish_now_status":"pending","footnotes":""},"categories":[1],"tags":[160],"class_list":["post-333593","post","type-post","status-publish","format-standard","has-post-thumbnail","hentry","category-sin-categoria","tag-axtla","entry"],"_links":{"self":[{"href":"https:\/\/www.zunoticia.com\/noticias-de-hidalgo\/wp-json\/wp\/v2\/posts\/333593","targetHints":{"allow":["GET"]}}],"collection":[{"href":"https:\/\/www.zunoticia.com\/noticias-de-hidalgo\/wp-json\/wp\/v2\/posts"}],"about":[{"href":"https:\/\/www.zunoticia.com\/noticias-de-hidalgo\/wp-json\/wp\/v2\/types\/post"}],"author":[{"embeddable":true,"href":"https:\/\/www.zunoticia.com\/noticias-de-hidalgo\/wp-json\/wp\/v2\/users\/12"}],"replies":[{"embeddable":true,"href":"https:\/\/www.zunoticia.com\/noticias-de-hidalgo\/wp-json\/wp\/v2\/comments?post=333593"}],"version-history":[{"count":0,"href":"https:\/\/www.zunoticia.com\/noticias-de-hidalgo\/wp-json\/wp\/v2\/posts\/333593\/revisions"}],"wp:featuredmedia":[{"embeddable":true,"href":"https:\/\/www.zunoticia.com\/noticias-de-hidalgo\/wp-json\/"}],"wp:attachment":[{"href":"https:\/\/www.zunoticia.com\/noticias-de-hidalgo\/wp-json\/wp\/v2\/media?parent=333593"}],"wp:term":[{"taxonomy":"category","embeddable":true,"href":"https:\/\/www.zunoticia.com\/noticias-de-hidalgo\/wp-json\/wp\/v2\/categories?post=333593"},{"taxonomy":"post_tag","embeddable":true,"href":"https:\/\/www.zunoticia.com\/noticias-de-hidalgo\/wp-json\/wp\/v2\/tags?post=333593"}],"curies":[{"name":"wp","href":"https:\/\/api.w.org\/{rel}","templated":true}]}}