{"id":333614,"date":"2020-03-04T23:17:24","date_gmt":"2020-03-05T05:17:24","guid":{"rendered":"http:\/\/www.zunoticia.com\/?p=333614"},"modified":"2020-03-04T23:17:24","modified_gmt":"2020-03-05T05:17:24","slug":"se-desploman-las-ventas-para-el-comercio-informal","status":"publish","type":"post","link":"https:\/\/www.zunoticia.com\/noticias-de-hidalgo\/2020\/03\/04\/se-desploman-las-ventas-para-el-comercio-informal\/","title":{"rendered":"Se desploman las ventas  para el comercio informal"},"content":{"rendered":"<aside class=\"mashsb-container mashsb-main mashsb-stretched\"><div class=\"mashsb-box\"><div class=\"mashsb-count mash-large\" style=\"float:left\"><div class=\"counts mashsbcount\">0<\/div><span class=\"mashsb-sharetext\">SHARES<\/span><\/div><div class=\"mashsb-buttons\"><a class=\"mashicon-facebook mash-large mash-center mashsb-noshadow\" href=\"https:\/\/www.facebook.com\/sharer.php?u=https%3A%2F%2Fwww.zunoticia.com%2Fnoticias-de-hidalgo%2F2020%2F03%2F04%2Fse-desploman-las-ventas-para-el-comercio-informal%2F\" target=\"_top\" rel=\"nofollow\"><span class=\"icon\"><\/span><span class=\"text\">Share<\/span><\/a><a class=\"mashicon-twitter mash-large mash-center mashsb-noshadow\" href=\"https:\/\/twitter.com\/intent\/tweet?text=&amp;url=https:\/\/www.zunoticia.com\/noticias-de-hidalgo\/2020\/03\/04\/se-desploman-las-ventas-para-el-comercio-informal\/\" target=\"_top\" rel=\"nofollow\"><span class=\"icon\"><\/span><span class=\"text\">Tweet<\/span><\/a><div class=\"onoffswitch2 mash-large mashsb-noshadow\" style=\"display:none\"><\/div><\/div>\n            <\/div>\n                <div style=\"clear:both\"><\/div><div class=\"mashsb-toggle-container\"><\/div><\/aside>\n            <!-- Share buttons by mashshare.net - Version: 4.0.47-->\n<p>Axtla de Terrazas, S.L.P.- Comerciantes que se instalan en la v\u00eda\np\u00fablica los domingos y mi\u00e9rcoles se quejan de las bajas ventas y esperan que\nsea durante la temporada de la Semana Santa cuando est\u00e9n recuperando su econom\u00eda.<\/p>\n\n\n\n<p>Mart\u00edn de Santiago, Presiente de la organizaci\u00f3n de comercio informal,\ndio conocer que en estos momentos todos los comerciantes est\u00e1n pasando por una\ncrisis econ\u00f3mica delicada porque lo poco que venden es ocupado por las familias\npara resolver sus gastos diarios de comida, escuela&nbsp; y en ocasiones de m\u00e9dicos y medicinas.<\/p>\n\n\n\n<p>El l\u00edder de los comerciantes, dijo que quienes se est\u00e1n viendo m\u00e1s\nafectados son las personas que comercializan juguetes y art\u00edculos que no son de\nmayor necesidad porque en ocasiones son los que registran cero ventas \u201chay quienes\nest\u00e1n endeudados por peque\u00f1os cr\u00e9ditos que han solicitado para poder surtirse,\npero las ventas e&nbsp; lo que va del a\u00f1o no\nhan sido muy alentadoras\u201d, cit\u00f3.<\/p>\n\n\n\n<p>En cuanto a quienes venden mercanc\u00eda de primera necesidad, si han registrado\nventas aunque en menor cantidad en comparaci\u00f3n con \u00e9pocas anteriores, indic\u00f3.<\/p>\n\n\n\n<p>Lo anterior, dijo se atribuye a la suspensi\u00f3n de los apoyos federales a\nmuchas familias y a la falta de empleo en la zona.<\/p>\n\n\n\n<p>Esperan que sean sea para el pr\u00f3ximo mes de marzo cuando est\u00e9n\nrepuntando sus ventas, o de lo contrario ser\u00e1 hasta el 30 de abril y 10 de\nmayo, estim\u00f3 el comerciante.<\/p>\n","protected":false},"excerpt":{"rendered":"<p>Axtla de Terrazas, S.L.P.- Comerciantes que se instalan en la v\u00eda p\u00fablica los domingos y mi\u00e9rcoles se quejan de las bajas ventas y esperan que sea durante la temporada de la Semana Santa cuando est\u00e9n recuperando su econom\u00eda. Mart\u00edn de Santiago, Presiente de la organizaci\u00f3n de comercio informal, dio conocer que en estos momentos todos&hellip; <a class=\"more-link\" href=\"https:\/\/www.zunoticia.com\/noticias-de-hidalgo\/2020\/03\/04\/se-desploman-las-ventas-para-el-comercio-informal\/\">Seguir leyendo <span class=\"screen-reader-text\">Se desploman las ventas  para el comercio informal<\/span><\/a><\/p>\n","protected":false},"author":12,"featured_media":333596,"comment_status":"open","ping_status":"open","sticky":false,"template":"","format":"standard","meta":{"rop_custom_images_group":[],"rop_custom_messages_group":[],"rop_publish_now":"initial","rop_publish_now_accounts":{"facebook_10159540855086992_322828327761733":""},"rop_publish_now_history":[],"rop_publish_now_status":"pending","footnotes":""},"categories":[1],"tags":[160],"class_list":["post-333614","post","type-post","status-publish","format-standard","has-post-thumbnail","hentry","category-sin-categoria","tag-axtla","entry"],"_links":{"self":[{"href":"https:\/\/www.zunoticia.com\/noticias-de-hidalgo\/wp-json\/wp\/v2\/posts\/333614","targetHints":{"allow":["GET"]}}],"collection":[{"href":"https:\/\/www.zunoticia.com\/noticias-de-hidalgo\/wp-json\/wp\/v2\/posts"}],"about":[{"href":"https:\/\/www.zunoticia.com\/noticias-de-hidalgo\/wp-json\/wp\/v2\/types\/post"}],"author":[{"embeddable":true,"href":"https:\/\/www.zunoticia.com\/noticias-de-hidalgo\/wp-json\/wp\/v2\/users\/12"}],"replies":[{"embeddable":true,"href":"https:\/\/www.zunoticia.com\/noticias-de-hidalgo\/wp-json\/wp\/v2\/comments?post=333614"}],"version-history":[{"count":0,"href":"https:\/\/www.zunoticia.com\/noticias-de-hidalgo\/wp-json\/wp\/v2\/posts\/333614\/revisions"}],"wp:featuredmedia":[{"embeddable":true,"href":"https:\/\/www.zunoticia.com\/noticias-de-hidalgo\/wp-json\/"}],"wp:attachment":[{"href":"https:\/\/www.zunoticia.com\/noticias-de-hidalgo\/wp-json\/wp\/v2\/media?parent=333614"}],"wp:term":[{"taxonomy":"category","embeddable":true,"href":"https:\/\/www.zunoticia.com\/noticias-de-hidalgo\/wp-json\/wp\/v2\/categories?post=333614"},{"taxonomy":"post_tag","embeddable":true,"href":"https:\/\/www.zunoticia.com\/noticias-de-hidalgo\/wp-json\/wp\/v2\/tags?post=333614"}],"curies":[{"name":"wp","href":"https:\/\/api.w.org\/{rel}","templated":true}]}}