{"id":333626,"date":"2020-03-04T23:28:14","date_gmt":"2020-03-05T05:28:14","guid":{"rendered":"http:\/\/www.zunoticia.com\/?p=333626"},"modified":"2020-03-04T23:28:14","modified_gmt":"2020-03-05T05:28:14","slug":"xilitla-fue-sede-de-la-demostracion-de-escoltas-en-lenguaje-de-senas-mexicana","status":"publish","type":"post","link":"https:\/\/www.zunoticia.com\/noticias-de-hidalgo\/2020\/03\/04\/xilitla-fue-sede-de-la-demostracion-de-escoltas-en-lenguaje-de-senas-mexicana\/","title":{"rendered":"Xilitla fue sede de la  demostraci\u00f3n de escoltas en  lenguaje de se\u00f1as mexicana"},"content":{"rendered":"<aside class=\"mashsb-container mashsb-main mashsb-stretched\"><div class=\"mashsb-box\"><div class=\"mashsb-count mash-large\" style=\"float:left\"><div class=\"counts mashsbcount\">0<\/div><span class=\"mashsb-sharetext\">SHARES<\/span><\/div><div class=\"mashsb-buttons\"><a class=\"mashicon-facebook mash-large mash-center mashsb-noshadow\" href=\"https:\/\/www.facebook.com\/sharer.php?u=https%3A%2F%2Fwww.zunoticia.com%2Fnoticias-de-hidalgo%2F2020%2F03%2F04%2Fxilitla-fue-sede-de-la-demostracion-de-escoltas-en-lenguaje-de-senas-mexicana%2F\" target=\"_top\" rel=\"nofollow\"><span class=\"icon\"><\/span><span class=\"text\">Share<\/span><\/a><a class=\"mashicon-twitter mash-large mash-center mashsb-noshadow\" href=\"https:\/\/twitter.com\/intent\/tweet?text=&amp;url=https:\/\/www.zunoticia.com\/noticias-de-hidalgo\/2020\/03\/04\/xilitla-fue-sede-de-la-demostracion-de-escoltas-en-lenguaje-de-senas-mexicana\/\" target=\"_top\" rel=\"nofollow\"><span class=\"icon\"><\/span><span class=\"text\">Tweet<\/span><\/a><div class=\"onoffswitch2 mash-large mashsb-noshadow\" style=\"display:none\"><\/div><\/div>\n            <\/div>\n                <div style=\"clear:both\"><\/div><div class=\"mashsb-toggle-container\"><\/div><\/aside>\n            <!-- Share buttons by mashshare.net - Version: 4.0.47-->\n<ul class=\"wp-block-list\"><li>\u201cAdmiro y\nrespeto mucho su profesi\u00f3n, por la entrega y cari\u00f1o que brindan a las personas\nque requieren de su presencia y apoyo\u201d: MEMM.<\/li><\/ul>\n\n\n\n<p>Xilitla,\nS.L.P.- Con el objetivo de promover los aspectos formativos y crear una cultura\nc\u00edvica en los estudiantes, donde sus maestros fomentan el respeto, el cari\u00f1o y\nla identidad nacional, adem\u00e1s de dar una muestra de como se trabaja en estas\nescuelas para que los valores c\u00edvicos permanezcan vigentes, con la\nparticipaci\u00f3n de alumnos y docentes de las instituciones educativas de los\nCentros de Atenci\u00f3n M\u00faltiple (CAM) y la Unidad de Servicios de Apoyo a la\nEducaci\u00f3n Regular (USAER), de los municipios de Axtla de Terrazas, Coxcatl\u00e1n,\nHuehuetl\u00e1n y Xilitla, teniendo como escenario la explana del jard\u00edn principal\nde este Pueblo M\u00e1gico, llevaron a cabo la demostraci\u00f3n de escoltas en lengua de\nse\u00f1as mexicana.<\/p>\n\n\n\n<p>En su intervenci\u00f3n,\nel presidente municipal, Mart\u00edn Eduardo Mart\u00ednez Morales, dio la bienvenida a los\nasistentes, manifestando: \u201che sido testigo de todos los eventos y de los logros\nque han conseguido en las personas gracias a sus intervenciones, admiro y\nrespeto mucho su profesi\u00f3n, por la entrega y cari\u00f1o que brindan a las personas\nque requieren de su presencia y apoyo, a nombre de sus padres les agradezco de\ntodo coraz\u00f3n\u201d.<\/p>\n\n\n\n<p>Por su\nparte, Manuel Francisco L\u00e1rraga Mor\u00e1n, coordinador administrativo de la zona 15\nde Educaci\u00f3n Especial, extern\u00f3 el agradecimiento a las autoridades municipales,\npor el inter\u00e9s mostrado para realizar estas acciones, subrayando que \u201cel\nprop\u00f3sito es fortalecer las actividades c\u00edvicas, el amor y el respeto a\nnuestros s\u00edmbolos patrios, contribuyendo en el desarrollo integral de nuestros\nalumnos y docentes, a trav\u00e9s de una demostraci\u00f3n de escoltas en lengua de se\u00f1as\nmexicana\u201d.<\/p>\n","protected":false},"excerpt":{"rendered":"<p>\u201cAdmiro y respeto mucho su profesi\u00f3n, por la entrega y cari\u00f1o que brindan a las personas que requieren de su presencia y apoyo\u201d: MEMM. Xilitla, S.L.P.- Con el objetivo de promover los aspectos formativos y crear una cultura c\u00edvica en los estudiantes, donde sus maestros fomentan el respeto, el cari\u00f1o y la identidad nacional, adem\u00e1s&hellip; <a class=\"more-link\" href=\"https:\/\/www.zunoticia.com\/noticias-de-hidalgo\/2020\/03\/04\/xilitla-fue-sede-de-la-demostracion-de-escoltas-en-lenguaje-de-senas-mexicana\/\">Seguir leyendo <span class=\"screen-reader-text\">Xilitla fue sede de la  demostraci\u00f3n de escoltas en  lenguaje de se\u00f1as mexicana<\/span><\/a><\/p>\n","protected":false},"author":12,"featured_media":333602,"comment_status":"open","ping_status":"open","sticky":false,"template":"","format":"standard","meta":{"rop_custom_images_group":[],"rop_custom_messages_group":[],"rop_publish_now":"initial","rop_publish_now_accounts":{"facebook_10159540855086992_322828327761733":""},"rop_publish_now_history":[],"rop_publish_now_status":"pending","footnotes":""},"categories":[1],"tags":[165],"class_list":["post-333626","post","type-post","status-publish","format-standard","has-post-thumbnail","hentry","category-sin-categoria","tag-xilitla","entry"],"_links":{"self":[{"href":"https:\/\/www.zunoticia.com\/noticias-de-hidalgo\/wp-json\/wp\/v2\/posts\/333626","targetHints":{"allow":["GET"]}}],"collection":[{"href":"https:\/\/www.zunoticia.com\/noticias-de-hidalgo\/wp-json\/wp\/v2\/posts"}],"about":[{"href":"https:\/\/www.zunoticia.com\/noticias-de-hidalgo\/wp-json\/wp\/v2\/types\/post"}],"author":[{"embeddable":true,"href":"https:\/\/www.zunoticia.com\/noticias-de-hidalgo\/wp-json\/wp\/v2\/users\/12"}],"replies":[{"embeddable":true,"href":"https:\/\/www.zunoticia.com\/noticias-de-hidalgo\/wp-json\/wp\/v2\/comments?post=333626"}],"version-history":[{"count":0,"href":"https:\/\/www.zunoticia.com\/noticias-de-hidalgo\/wp-json\/wp\/v2\/posts\/333626\/revisions"}],"wp:featuredmedia":[{"embeddable":true,"href":"https:\/\/www.zunoticia.com\/noticias-de-hidalgo\/wp-json\/"}],"wp:attachment":[{"href":"https:\/\/www.zunoticia.com\/noticias-de-hidalgo\/wp-json\/wp\/v2\/media?parent=333626"}],"wp:term":[{"taxonomy":"category","embeddable":true,"href":"https:\/\/www.zunoticia.com\/noticias-de-hidalgo\/wp-json\/wp\/v2\/categories?post=333626"},{"taxonomy":"post_tag","embeddable":true,"href":"https:\/\/www.zunoticia.com\/noticias-de-hidalgo\/wp-json\/wp\/v2\/tags?post=333626"}],"curies":[{"name":"wp","href":"https:\/\/api.w.org\/{rel}","templated":true}]}}