{"id":334014,"date":"2020-03-06T10:44:37","date_gmt":"2020-03-06T16:44:37","guid":{"rendered":"http:\/\/www.zunoticia.com\/?p=334014"},"modified":"2020-03-06T10:44:37","modified_gmt":"2020-03-06T16:44:37","slug":"complicada-la-situacion-economica-de-tablajeros","status":"publish","type":"post","link":"https:\/\/www.zunoticia.com\/noticias-de-hidalgo\/2020\/03\/06\/complicada-la-situacion-economica-de-tablajeros\/","title":{"rendered":"Complicada la situaci\u00f3n  econ\u00f3mica de tablajeros"},"content":{"rendered":"<aside class=\"mashsb-container mashsb-main mashsb-stretched\"><div class=\"mashsb-box\"><div class=\"mashsb-count mash-large\" style=\"float:left\"><div class=\"counts mashsbcount\">0<\/div><span class=\"mashsb-sharetext\">SHARES<\/span><\/div><div class=\"mashsb-buttons\"><a class=\"mashicon-facebook mash-large mash-center mashsb-noshadow\" href=\"https:\/\/www.facebook.com\/sharer.php?u=https%3A%2F%2Fwww.zunoticia.com%2Fnoticias-de-hidalgo%2F2020%2F03%2F06%2Fcomplicada-la-situacion-economica-de-tablajeros%2F\" target=\"_top\" rel=\"nofollow\"><span class=\"icon\"><\/span><span class=\"text\">Share<\/span><\/a><a class=\"mashicon-twitter mash-large mash-center mashsb-noshadow\" href=\"https:\/\/twitter.com\/intent\/tweet?text=&amp;url=https:\/\/www.zunoticia.com\/noticias-de-hidalgo\/2020\/03\/06\/complicada-la-situacion-economica-de-tablajeros\/\" target=\"_top\" rel=\"nofollow\"><span class=\"icon\"><\/span><span class=\"text\">Tweet<\/span><\/a><div class=\"onoffswitch2 mash-large mashsb-noshadow\" style=\"display:none\"><\/div><\/div>\n            <\/div>\n                <div style=\"clear:both\"><\/div><div class=\"mashsb-toggle-container\"><\/div><\/aside>\n            <!-- Share buttons by mashshare.net - Version: 4.0.47-->\n<p>Axtla de Terrazas, S.L.P.- Tablajeros de la zona del Mercado dijeron\nregistrar bajas ventas en la presente temporada, lo que se atribuye a la crisis\necon\u00f3mica por la que est\u00e1 atravesando en pa\u00eds y que est\u00e1 repercutiendo en\nlas&nbsp; familias axtlenses, pero sobre todo\nen las de escasos recursos econ\u00f3micos.<\/p>\n\n\n\n<p>La mayor\u00eda de los vendedores de productos c\u00e1rnicos, atribuyeron las\nmalas ventas de la carne al retiro de los apoyos federales a las familias de\nmuy escaso recurso ya que eran sus principales consumidores, revelaron.<\/p>\n\n\n\n<p>Lo anterior, dijeron les ha venido a generar una crisis econ\u00f3mica seria\nya que de los pocos ingresos econ\u00f3micos que registran, tienen que derogar para\nel pago del empelado, la luz el\u00e9ctrica, art\u00edculos para el metimiento y aseo de\nsus locales, el sustento familiar entre otros castos de primera necesidad.<\/p>\n\n\n\n<p>La situaci\u00f3n es complicada y preocupante sin embargo mantienen la\nesperanza de que las ventas repunten en la pr\u00f3xima temporada de la Semana Santa\ny que en es esas fechas cuando arriban al municipio familias de otros puntos de\nla rep\u00fablica para reunirse con sus familiares y en esa ocasi\u00f3n es cuando\nrealizan compras de carne para sus convivencias familiares.<\/p>\n","protected":false},"excerpt":{"rendered":"<p>Axtla de Terrazas, S.L.P.- Tablajeros de la zona del Mercado dijeron registrar bajas ventas en la presente temporada, lo que se atribuye a la crisis econ\u00f3mica por la que est\u00e1 atravesando en pa\u00eds y que est\u00e1 repercutiendo en las&nbsp; familias axtlenses, pero sobre todo en las de escasos recursos econ\u00f3micos. La mayor\u00eda de los vendedores&hellip; <a class=\"more-link\" href=\"https:\/\/www.zunoticia.com\/noticias-de-hidalgo\/2020\/03\/06\/complicada-la-situacion-economica-de-tablajeros\/\">Seguir leyendo <span class=\"screen-reader-text\">Complicada la situaci\u00f3n  econ\u00f3mica de tablajeros<\/span><\/a><\/p>\n","protected":false},"author":12,"featured_media":333982,"comment_status":"open","ping_status":"open","sticky":false,"template":"","format":"standard","meta":{"rop_custom_images_group":[],"rop_custom_messages_group":[],"rop_publish_now":"initial","rop_publish_now_accounts":{"facebook_10159540855086992_322828327761733":""},"rop_publish_now_history":[],"rop_publish_now_status":"pending","footnotes":""},"categories":[1],"tags":[160],"class_list":["post-334014","post","type-post","status-publish","format-standard","has-post-thumbnail","hentry","category-sin-categoria","tag-axtla","entry"],"_links":{"self":[{"href":"https:\/\/www.zunoticia.com\/noticias-de-hidalgo\/wp-json\/wp\/v2\/posts\/334014","targetHints":{"allow":["GET"]}}],"collection":[{"href":"https:\/\/www.zunoticia.com\/noticias-de-hidalgo\/wp-json\/wp\/v2\/posts"}],"about":[{"href":"https:\/\/www.zunoticia.com\/noticias-de-hidalgo\/wp-json\/wp\/v2\/types\/post"}],"author":[{"embeddable":true,"href":"https:\/\/www.zunoticia.com\/noticias-de-hidalgo\/wp-json\/wp\/v2\/users\/12"}],"replies":[{"embeddable":true,"href":"https:\/\/www.zunoticia.com\/noticias-de-hidalgo\/wp-json\/wp\/v2\/comments?post=334014"}],"version-history":[{"count":0,"href":"https:\/\/www.zunoticia.com\/noticias-de-hidalgo\/wp-json\/wp\/v2\/posts\/334014\/revisions"}],"wp:featuredmedia":[{"embeddable":true,"href":"https:\/\/www.zunoticia.com\/noticias-de-hidalgo\/wp-json\/"}],"wp:attachment":[{"href":"https:\/\/www.zunoticia.com\/noticias-de-hidalgo\/wp-json\/wp\/v2\/media?parent=334014"}],"wp:term":[{"taxonomy":"category","embeddable":true,"href":"https:\/\/www.zunoticia.com\/noticias-de-hidalgo\/wp-json\/wp\/v2\/categories?post=334014"},{"taxonomy":"post_tag","embeddable":true,"href":"https:\/\/www.zunoticia.com\/noticias-de-hidalgo\/wp-json\/wp\/v2\/tags?post=334014"}],"curies":[{"name":"wp","href":"https:\/\/api.w.org\/{rel}","templated":true}]}}