{"id":334299,"date":"2020-03-07T12:49:28","date_gmt":"2020-03-07T18:49:28","guid":{"rendered":"http:\/\/www.zunoticia.com\/?p=334299"},"modified":"2020-03-07T12:49:28","modified_gmt":"2020-03-07T18:49:28","slug":"el-ayuntamiento-convoca-al-desfile-de-primavera-2020","status":"publish","type":"post","link":"https:\/\/www.zunoticia.com\/noticias-de-hidalgo\/2020\/03\/07\/el-ayuntamiento-convoca-al-desfile-de-primavera-2020\/","title":{"rendered":"El Ayuntamiento  convoca al  desfile de  primavera 2020"},"content":{"rendered":"<aside class=\"mashsb-container mashsb-main mashsb-stretched\"><div class=\"mashsb-box\"><div class=\"mashsb-count mash-large\" style=\"float:left\"><div class=\"counts mashsbcount\">0<\/div><span class=\"mashsb-sharetext\">SHARES<\/span><\/div><div class=\"mashsb-buttons\"><a class=\"mashicon-facebook mash-large mash-center mashsb-noshadow\" href=\"https:\/\/www.facebook.com\/sharer.php?u=https%3A%2F%2Fwww.zunoticia.com%2Fnoticias-de-hidalgo%2F2020%2F03%2F07%2Fel-ayuntamiento-convoca-al-desfile-de-primavera-2020%2F\" target=\"_top\" rel=\"nofollow\"><span class=\"icon\"><\/span><span class=\"text\">Share<\/span><\/a><a class=\"mashicon-twitter mash-large mash-center mashsb-noshadow\" href=\"https:\/\/twitter.com\/intent\/tweet?text=&amp;url=https:\/\/www.zunoticia.com\/noticias-de-hidalgo\/2020\/03\/07\/el-ayuntamiento-convoca-al-desfile-de-primavera-2020\/\" target=\"_top\" rel=\"nofollow\"><span class=\"icon\"><\/span><span class=\"text\">Tweet<\/span><\/a><div class=\"onoffswitch2 mash-large mashsb-noshadow\" style=\"display:none\"><\/div><\/div>\n            <\/div>\n                <div style=\"clear:both\"><\/div><div class=\"mashsb-toggle-container\"><\/div><\/aside>\n            <!-- Share buttons by mashshare.net - Version: 4.0.47-->\n<ul class=\"wp-block-list\"><li>Dentro de \u00e9ste\nprograma tambi\u00e9n est\u00e1 contemplado la coronaci\u00f3n de la \u201cReina de la Primavera\n2020\u201d.<\/li><\/ul>\n\n\n\n<p>KAREN\nRIVERA<\/p>\n\n\n\n<p>Matlapa,\nS.L.P.- Con motivo de celebrar la primavera, el Ayuntamiento que encabeza\nKarina Rivera Obreg\u00f3n, a trav\u00e9s del departamento de Arte y Cultura, convoca a\nla poblaci\u00f3n a las instituciones educativas para que formen parte del desfile y\ncoronaci\u00f3n de la Reina de la Primavera 2020, evento que se efectuar\u00e1 el pr\u00f3ximo\njueves 19 de marzo.<\/p>\n\n\n\n<p>Dicho\nevento comenzar\u00e1 en punto de las 4:00 de la tarde en el lugar conocido como el\nChijol, donde los carros aleg\u00f3ricos partir\u00e1n hacia la zona centro, haciendo\nparada a la altura de la comercial Acosta, donde el jurado verificar\u00e1 los\ndetalles de cada carro para despu\u00e9s concluir este recorrido en la Presidencia\nMunicipal.<\/p>\n\n\n\n<p>Los\npuntos a calificar son creatividad, originalidad, ingenio, decoraci\u00f3n,\niluminaci\u00f3n, armon\u00eda primaveral (ambiente) y puntualidad, la invitaci\u00f3n es\nabierta a las instituciones educativas, desde preescolar, primarias, colonias o\ngrupos de personas con inter\u00e9s de participar.<\/p>\n\n\n\n<p>El\nn\u00famero de carros aleg\u00f3ricos participantes deber\u00e1 ser m\u00ednimo de cinco para\nllevar a cabo el concurso, los participantes deber\u00e1n portar su pancarta de\nidentificaci\u00f3n, iniciando el magno desfile en punto de las 16:00 horas.<\/p>\n\n\n\n<p>Las\ninscripciones son abiertas a partir de la publicaci\u00f3n de la convocatoria,\nteniendo como l\u00edmite el martes 17 de marzo y la premiaci\u00f3n para el 1er lugar\nser\u00e1 de $5,000.00,&nbsp; el 2\u00b0 lugar $3,000.00\ny el 3er lugar $2,000.00. <\/p>\n\n\n\n<p>Dentro\nde \u00e9ste programa tambi\u00e9n est\u00e1 contemplado la coronaci\u00f3n de la \u201cReina de la\nPrimavera 2020\u201d, las bases son: ser originaria del municipio de Matlapa, contar\ncon inteligencia, personalidad, carisma, edad de 3 a 6 a\u00f1os, aptitudes,\ntalentos a considerar y representar a alguna colonia o instituci\u00f3n Educativa.<\/p>\n\n\n\n<p>Las\ninscripciones se realizar\u00e1n en la oficina de Arte y Cultura de lunes a viernes\nen un horario de 8:00 a 15:00 horas, teniendo como fecha l\u00edmite el d\u00eda 13 de\nmarzo.<\/p>\n","protected":false},"excerpt":{"rendered":"<p>Dentro de \u00e9ste programa tambi\u00e9n est\u00e1 contemplado la coronaci\u00f3n de la \u201cReina de la Primavera 2020\u201d. KAREN RIVERA Matlapa, S.L.P.- Con motivo de celebrar la primavera, el Ayuntamiento que encabeza Karina Rivera Obreg\u00f3n, a trav\u00e9s del departamento de Arte y Cultura, convoca a la poblaci\u00f3n a las instituciones educativas para que formen parte del desfile&hellip; <a class=\"more-link\" href=\"https:\/\/www.zunoticia.com\/noticias-de-hidalgo\/2020\/03\/07\/el-ayuntamiento-convoca-al-desfile-de-primavera-2020\/\">Seguir leyendo <span class=\"screen-reader-text\">El Ayuntamiento  convoca al  desfile de  primavera 2020<\/span><\/a><\/p>\n","protected":false},"author":12,"featured_media":334261,"comment_status":"open","ping_status":"open","sticky":false,"template":"","format":"standard","meta":{"rop_custom_images_group":[],"rop_custom_messages_group":[],"rop_publish_now":"initial","rop_publish_now_accounts":{"facebook_10159540855086992_322828327761733":""},"rop_publish_now_history":[],"rop_publish_now_status":"pending","footnotes":""},"categories":[1],"tags":[169],"class_list":["post-334299","post","type-post","status-publish","format-standard","has-post-thumbnail","hentry","category-sin-categoria","tag-matlapa","entry"],"_links":{"self":[{"href":"https:\/\/www.zunoticia.com\/noticias-de-hidalgo\/wp-json\/wp\/v2\/posts\/334299","targetHints":{"allow":["GET"]}}],"collection":[{"href":"https:\/\/www.zunoticia.com\/noticias-de-hidalgo\/wp-json\/wp\/v2\/posts"}],"about":[{"href":"https:\/\/www.zunoticia.com\/noticias-de-hidalgo\/wp-json\/wp\/v2\/types\/post"}],"author":[{"embeddable":true,"href":"https:\/\/www.zunoticia.com\/noticias-de-hidalgo\/wp-json\/wp\/v2\/users\/12"}],"replies":[{"embeddable":true,"href":"https:\/\/www.zunoticia.com\/noticias-de-hidalgo\/wp-json\/wp\/v2\/comments?post=334299"}],"version-history":[{"count":0,"href":"https:\/\/www.zunoticia.com\/noticias-de-hidalgo\/wp-json\/wp\/v2\/posts\/334299\/revisions"}],"wp:featuredmedia":[{"embeddable":true,"href":"https:\/\/www.zunoticia.com\/noticias-de-hidalgo\/wp-json\/"}],"wp:attachment":[{"href":"https:\/\/www.zunoticia.com\/noticias-de-hidalgo\/wp-json\/wp\/v2\/media?parent=334299"}],"wp:term":[{"taxonomy":"category","embeddable":true,"href":"https:\/\/www.zunoticia.com\/noticias-de-hidalgo\/wp-json\/wp\/v2\/categories?post=334299"},{"taxonomy":"post_tag","embeddable":true,"href":"https:\/\/www.zunoticia.com\/noticias-de-hidalgo\/wp-json\/wp\/v2\/tags?post=334299"}],"curies":[{"name":"wp","href":"https:\/\/api.w.org\/{rel}","templated":true}]}}