{"id":334519,"date":"2020-03-08T11:37:02","date_gmt":"2020-03-08T17:37:02","guid":{"rendered":"http:\/\/www.zunoticia.com\/?p=334519"},"modified":"2020-03-08T11:37:02","modified_gmt":"2020-03-08T17:37:02","slug":"axtla-fue-sede-de-la-reunion-regional-de-proteccion-civil","status":"publish","type":"post","link":"https:\/\/www.zunoticia.com\/noticias-de-hidalgo\/2020\/03\/08\/axtla-fue-sede-de-la-reunion-regional-de-proteccion-civil\/","title":{"rendered":"Axtla fue sede  de la Reuni\u00f3n  Regional de  Protecci\u00f3n Civil"},"content":{"rendered":"<aside class=\"mashsb-container mashsb-main mashsb-stretched\"><div class=\"mashsb-box\"><div class=\"mashsb-count mash-large\" style=\"float:left\"><div class=\"counts mashsbcount\">0<\/div><span class=\"mashsb-sharetext\">SHARES<\/span><\/div><div class=\"mashsb-buttons\"><a class=\"mashicon-facebook mash-large mash-center mashsb-noshadow\" href=\"https:\/\/www.facebook.com\/sharer.php?u=https%3A%2F%2Fwww.zunoticia.com%2Fnoticias-de-hidalgo%2F2020%2F03%2F08%2Faxtla-fue-sede-de-la-reunion-regional-de-proteccion-civil%2F\" target=\"_top\" rel=\"nofollow\"><span class=\"icon\"><\/span><span class=\"text\">Share<\/span><\/a><a class=\"mashicon-twitter mash-large mash-center mashsb-noshadow\" href=\"https:\/\/twitter.com\/intent\/tweet?text=&amp;url=https:\/\/www.zunoticia.com\/noticias-de-hidalgo\/2020\/03\/08\/axtla-fue-sede-de-la-reunion-regional-de-proteccion-civil\/\" target=\"_top\" rel=\"nofollow\"><span class=\"icon\"><\/span><span class=\"text\">Tweet<\/span><\/a><div class=\"onoffswitch2 mash-large mashsb-noshadow\" style=\"display:none\"><\/div><\/div>\n            <\/div>\n                <div style=\"clear:both\"><\/div><div class=\"mashsb-toggle-container\"><\/div><\/aside>\n            <!-- Share buttons by mashshare.net - Version: 4.0.47-->\n<ul class=\"wp-block-list\"><li>Participaron tambi\u00e9n los cuerpos de bomberos de\nTamazunchale y Axtla.<\/li><\/ul>\n\n\n\n<p>Axtla de Terrazas, S.L.P.- Cuerpos\nde auxilio de la regi\u00f3n huasteca participaron en una reuni\u00f3n regional que tuvo\ncomo sede este municipio y en la que se cont\u00f3 con la participaci\u00f3n de Xilitla,\nMatlapa, Coxcatl\u00e1n, Tampac\u00e1n, Huehuetl\u00e1n, Tamazunchale y Axtla de Terrazas.<\/p>\n\n\n\n<p>Dicha reuni\u00f3n, estuvo presidida\npor Adriana Ortiz N\u00fa\u00f1ez, Coordinadora de Protecci\u00f3n Civil, en la Huasteca Sur.<\/p>\n\n\n\n<p>En representaci\u00f3n del alcalde\nJovanny de Jes\u00fas Ram\u00f3n Cruz, se cont\u00f3 con la presencia de Benito Cruz\nCaballero, Secretario General del Ayuntamiento.<\/p>\n\n\n\n<p>Intensificaci\u00f3n de la vigilancia\nen los principales sitios tur\u00edsticos del municipio, recomendaciones a la ciudadan\u00eda\npara la Semana Santa y verificaci\u00f3n de las diferentes medidas de seguridad,\nfueron los temas que los responsables de las unidades de auxilio acordaron durante\nla reuni\u00f3n.<\/p>\n\n\n\n<p>Los titulares de cada una de las\nunidades llevaron a cabo el an\u00e1lisis de la situaci\u00f3n actual y tomaron acuerdos\nsobre las estrategias que se deber\u00e1n estar implementado durante el operativo de\nvigilancia que se estar\u00e1 desarrollando en la temporada de la Semana Santa, el\ncual va encaminado a proteger la seguridad e integridad de toda la poblaci\u00f3n.<\/p>\n\n\n\n<p>En este sentido, el director de\nProtecci\u00f3n Civil de Axtla, capit\u00e1n Jos\u00e9 \u00c1ngeles Bruno, dio a conocer que dentro\nde los acuerdos establecidos entre cada uno de los cuerpos de auxilio, fue el\nde llevar a cabo un trabajo coordinado, por lo que el personal a su cargo se mantendr\u00e1\nal pendiente de cualquier llamado de auxilio de la poblaci\u00f3n para atenderlo de\nmanera inmediata.<\/p>\n","protected":false},"excerpt":{"rendered":"<p>Participaron tambi\u00e9n los cuerpos de bomberos de Tamazunchale y Axtla. Axtla de Terrazas, S.L.P.- Cuerpos de auxilio de la regi\u00f3n huasteca participaron en una reuni\u00f3n regional que tuvo como sede este municipio y en la que se cont\u00f3 con la participaci\u00f3n de Xilitla, Matlapa, Coxcatl\u00e1n, Tampac\u00e1n, Huehuetl\u00e1n, Tamazunchale y Axtla de Terrazas. Dicha reuni\u00f3n, estuvo&hellip; <a class=\"more-link\" href=\"https:\/\/www.zunoticia.com\/noticias-de-hidalgo\/2020\/03\/08\/axtla-fue-sede-de-la-reunion-regional-de-proteccion-civil\/\">Seguir leyendo <span class=\"screen-reader-text\">Axtla fue sede  de la Reuni\u00f3n  Regional de  Protecci\u00f3n Civil<\/span><\/a><\/p>\n","protected":false},"author":12,"featured_media":334487,"comment_status":"open","ping_status":"open","sticky":false,"template":"","format":"standard","meta":{"rop_custom_images_group":[],"rop_custom_messages_group":[],"rop_publish_now":"initial","rop_publish_now_accounts":{"facebook_10159540855086992_322828327761733":""},"rop_publish_now_history":[],"rop_publish_now_status":"pending","footnotes":""},"categories":[1],"tags":[160],"class_list":["post-334519","post","type-post","status-publish","format-standard","has-post-thumbnail","hentry","category-sin-categoria","tag-axtla","entry"],"_links":{"self":[{"href":"https:\/\/www.zunoticia.com\/noticias-de-hidalgo\/wp-json\/wp\/v2\/posts\/334519","targetHints":{"allow":["GET"]}}],"collection":[{"href":"https:\/\/www.zunoticia.com\/noticias-de-hidalgo\/wp-json\/wp\/v2\/posts"}],"about":[{"href":"https:\/\/www.zunoticia.com\/noticias-de-hidalgo\/wp-json\/wp\/v2\/types\/post"}],"author":[{"embeddable":true,"href":"https:\/\/www.zunoticia.com\/noticias-de-hidalgo\/wp-json\/wp\/v2\/users\/12"}],"replies":[{"embeddable":true,"href":"https:\/\/www.zunoticia.com\/noticias-de-hidalgo\/wp-json\/wp\/v2\/comments?post=334519"}],"version-history":[{"count":0,"href":"https:\/\/www.zunoticia.com\/noticias-de-hidalgo\/wp-json\/wp\/v2\/posts\/334519\/revisions"}],"wp:featuredmedia":[{"embeddable":true,"href":"https:\/\/www.zunoticia.com\/noticias-de-hidalgo\/wp-json\/"}],"wp:attachment":[{"href":"https:\/\/www.zunoticia.com\/noticias-de-hidalgo\/wp-json\/wp\/v2\/media?parent=334519"}],"wp:term":[{"taxonomy":"category","embeddable":true,"href":"https:\/\/www.zunoticia.com\/noticias-de-hidalgo\/wp-json\/wp\/v2\/categories?post=334519"},{"taxonomy":"post_tag","embeddable":true,"href":"https:\/\/www.zunoticia.com\/noticias-de-hidalgo\/wp-json\/wp\/v2\/tags?post=334519"}],"curies":[{"name":"wp","href":"https:\/\/api.w.org\/{rel}","templated":true}]}}