{"id":334521,"date":"2020-03-08T11:37:41","date_gmt":"2020-03-08T17:37:41","guid":{"rendered":"http:\/\/www.zunoticia.com\/?p=334521"},"modified":"2020-03-08T11:37:41","modified_gmt":"2020-03-08T17:37:41","slug":"biblioteca-llevo-a-cabo-una-actividad-guiada-con-ninos-de-educacion-especial","status":"publish","type":"post","link":"https:\/\/www.zunoticia.com\/noticias-de-hidalgo\/2020\/03\/08\/biblioteca-llevo-a-cabo-una-actividad-guiada-con-ninos-de-educacion-especial\/","title":{"rendered":"Biblioteca llev\u00f3 a cabo  una actividad guiada con  ni\u00f1os de educaci\u00f3n especial"},"content":{"rendered":"<aside class=\"mashsb-container mashsb-main mashsb-stretched\"><div class=\"mashsb-box\"><div class=\"mashsb-count mash-large\" style=\"float:left\"><div class=\"counts mashsbcount\">0<\/div><span class=\"mashsb-sharetext\">SHARES<\/span><\/div><div class=\"mashsb-buttons\"><a class=\"mashicon-facebook mash-large mash-center mashsb-noshadow\" href=\"https:\/\/www.facebook.com\/sharer.php?u=https%3A%2F%2Fwww.zunoticia.com%2Fnoticias-de-hidalgo%2F2020%2F03%2F08%2Fbiblioteca-llevo-a-cabo-una-actividad-guiada-con-ninos-de-educacion-especial%2F\" target=\"_top\" rel=\"nofollow\"><span class=\"icon\"><\/span><span class=\"text\">Share<\/span><\/a><a class=\"mashicon-twitter mash-large mash-center mashsb-noshadow\" href=\"https:\/\/twitter.com\/intent\/tweet?text=&amp;url=https:\/\/www.zunoticia.com\/noticias-de-hidalgo\/2020\/03\/08\/biblioteca-llevo-a-cabo-una-actividad-guiada-con-ninos-de-educacion-especial\/\" target=\"_top\" rel=\"nofollow\"><span class=\"icon\"><\/span><span class=\"text\">Tweet<\/span><\/a><div class=\"onoffswitch2 mash-large mashsb-noshadow\" style=\"display:none\"><\/div><\/div>\n            <\/div>\n                <div style=\"clear:both\"><\/div><div class=\"mashsb-toggle-container\"><\/div><\/aside>\n            <!-- Share buttons by mashshare.net - Version: 4.0.47-->\n<p>Axtla de Terrazas, S.L.P.-\nAlumnos de educaci\u00f3n especial del Centro de Atenci\u00f3n M\u00faltiple \u201cAgust\u00edn Y\u00e1\u00f1ez\u201d,\nparticiparon en diferentes tipos de actividades desarrolladas en las\ninstalaciones de la Biblioteca P\u00fablica Municipal.<\/p>\n\n\n\n<p>Visitas guiadas, estimulaci\u00f3n\ntemprana, lectura y capacitaci\u00f3n laboral fueron algunas de las actividades en\nlas que participaron los alumnos, lo cual les permite desenvolverse y\nsociabilizar entre sus compa\u00f1eros y personal docente.<\/p>\n\n\n\n<p>La directora de la Biblioteca\nAlma Yensy Garc\u00eda Trejo, dijo que lo anterior permite a los alumnos de educaci\u00f3n\nespecial desarrollar sus habilidades, la convivencia entre sus compa\u00f1eros y el aprendizaje.<\/p>\n\n\n\n<p>Lo anterior, mencion\u00f3 es parte de\nla inclusi\u00f3n que se debe procurar con los ni\u00f1os, adolescentes y j\u00f3venes con\ncapacidades diferentes, quienes tambi\u00e9n cuentan con la capacidad de poder\nparticipar en actividades l\u00fadicas mediante las cuales fortalecen su desarrollo intelectual.<\/p>\n\n\n\n<p>La responsable de la biblioteca, anunci\u00f3\nque este tipo de actividades se llevan a cabo de manera constante con alumnos\nde las diferentes instituciones educativas, como parte de las acciones para el fortalecimiento\ndel aprendizaje de los estudiantes.<\/p>\n\n\n\n<p>Llam\u00f3 a los padres de familia a\nfomentar en sus hogares la lectura, ya que ello es una parte muy importante\npara un amplio conocimiento de sus hijos.<\/p>\n","protected":false},"excerpt":{"rendered":"<p>Axtla de Terrazas, S.L.P.- Alumnos de educaci\u00f3n especial del Centro de Atenci\u00f3n M\u00faltiple \u201cAgust\u00edn Y\u00e1\u00f1ez\u201d, participaron en diferentes tipos de actividades desarrolladas en las instalaciones de la Biblioteca P\u00fablica Municipal. Visitas guiadas, estimulaci\u00f3n temprana, lectura y capacitaci\u00f3n laboral fueron algunas de las actividades en las que participaron los alumnos, lo cual les permite desenvolverse y&hellip; <a class=\"more-link\" href=\"https:\/\/www.zunoticia.com\/noticias-de-hidalgo\/2020\/03\/08\/biblioteca-llevo-a-cabo-una-actividad-guiada-con-ninos-de-educacion-especial\/\">Seguir leyendo <span class=\"screen-reader-text\">Biblioteca llev\u00f3 a cabo  una actividad guiada con  ni\u00f1os de educaci\u00f3n especial<\/span><\/a><\/p>\n","protected":false},"author":12,"featured_media":334488,"comment_status":"open","ping_status":"open","sticky":false,"template":"","format":"standard","meta":{"rop_custom_images_group":[],"rop_custom_messages_group":[],"rop_publish_now":"initial","rop_publish_now_accounts":{"facebook_10159540855086992_322828327761733":""},"rop_publish_now_history":[],"rop_publish_now_status":"pending","footnotes":""},"categories":[1],"tags":[160],"class_list":["post-334521","post","type-post","status-publish","format-standard","has-post-thumbnail","hentry","category-sin-categoria","tag-axtla","entry"],"_links":{"self":[{"href":"https:\/\/www.zunoticia.com\/noticias-de-hidalgo\/wp-json\/wp\/v2\/posts\/334521","targetHints":{"allow":["GET"]}}],"collection":[{"href":"https:\/\/www.zunoticia.com\/noticias-de-hidalgo\/wp-json\/wp\/v2\/posts"}],"about":[{"href":"https:\/\/www.zunoticia.com\/noticias-de-hidalgo\/wp-json\/wp\/v2\/types\/post"}],"author":[{"embeddable":true,"href":"https:\/\/www.zunoticia.com\/noticias-de-hidalgo\/wp-json\/wp\/v2\/users\/12"}],"replies":[{"embeddable":true,"href":"https:\/\/www.zunoticia.com\/noticias-de-hidalgo\/wp-json\/wp\/v2\/comments?post=334521"}],"version-history":[{"count":0,"href":"https:\/\/www.zunoticia.com\/noticias-de-hidalgo\/wp-json\/wp\/v2\/posts\/334521\/revisions"}],"wp:featuredmedia":[{"embeddable":true,"href":"https:\/\/www.zunoticia.com\/noticias-de-hidalgo\/wp-json\/"}],"wp:attachment":[{"href":"https:\/\/www.zunoticia.com\/noticias-de-hidalgo\/wp-json\/wp\/v2\/media?parent=334521"}],"wp:term":[{"taxonomy":"category","embeddable":true,"href":"https:\/\/www.zunoticia.com\/noticias-de-hidalgo\/wp-json\/wp\/v2\/categories?post=334521"},{"taxonomy":"post_tag","embeddable":true,"href":"https:\/\/www.zunoticia.com\/noticias-de-hidalgo\/wp-json\/wp\/v2\/tags?post=334521"}],"curies":[{"name":"wp","href":"https:\/\/api.w.org\/{rel}","templated":true}]}}