{"id":334778,"date":"2020-03-09T12:42:50","date_gmt":"2020-03-09T18:42:50","guid":{"rendered":"http:\/\/www.zunoticia.com\/?p=334778"},"modified":"2020-03-09T12:42:50","modified_gmt":"2020-03-09T18:42:50","slug":"dif-conmemoro-a-las-mujeres-en-el-marco-del-dia-internacional-de-la-mujer-el-8-de-marzo","status":"publish","type":"post","link":"https:\/\/www.zunoticia.com\/noticias-de-hidalgo\/2020\/03\/09\/dif-conmemoro-a-las-mujeres-en-el-marco-del-dia-internacional-de-la-mujer-el-8-de-marzo\/","title":{"rendered":"DIF conmemor\u00f3 a las  mujeres   en el marco del D\u00eda internacional de la Mujer el  8 de marzo"},"content":{"rendered":"<aside class=\"mashsb-container mashsb-main mashsb-stretched\"><div class=\"mashsb-box\"><div class=\"mashsb-count mash-large\" style=\"float:left\"><div class=\"counts mashsbcount\">0<\/div><span class=\"mashsb-sharetext\">SHARES<\/span><\/div><div class=\"mashsb-buttons\"><a class=\"mashicon-facebook mash-large mash-center mashsb-noshadow\" href=\"https:\/\/www.facebook.com\/sharer.php?u=https%3A%2F%2Fwww.zunoticia.com%2Fnoticias-de-hidalgo%2F2020%2F03%2F09%2Fdif-conmemoro-a-las-mujeres-en-el-marco-del-dia-internacional-de-la-mujer-el-8-de-marzo%2F\" target=\"_top\" rel=\"nofollow\"><span class=\"icon\"><\/span><span class=\"text\">Share<\/span><\/a><a class=\"mashicon-twitter mash-large mash-center mashsb-noshadow\" href=\"https:\/\/twitter.com\/intent\/tweet?text=&amp;url=https:\/\/www.zunoticia.com\/noticias-de-hidalgo\/2020\/03\/09\/dif-conmemoro-a-las-mujeres-en-el-marco-del-dia-internacional-de-la-mujer-el-8-de-marzo\/\" target=\"_top\" rel=\"nofollow\"><span class=\"icon\"><\/span><span class=\"text\">Tweet<\/span><\/a><div class=\"onoffswitch2 mash-large mashsb-noshadow\" style=\"display:none\"><\/div><\/div>\n            <\/div>\n                <div style=\"clear:both\"><\/div><div class=\"mashsb-toggle-container\"><\/div><\/aside>\n            <!-- Share buttons by mashshare.net - Version: 4.0.47-->\n<p>AXTLA DE\nTERRAZAS- El&nbsp; Gobierno&nbsp; Municipal&nbsp;&nbsp;\nque&nbsp; encabeza Jovanny de Jes\u00fas\nRam\u00f3n Cruz&nbsp;&nbsp; y el Sistema Municipal&nbsp; para el Desarrollo Integral de la\nFamilia&nbsp; DIF&nbsp; que preside&nbsp;\nla Profra. Elizabeth Barrechenea, conmemoraron el D\u00eda Internacional\nde&nbsp;&nbsp; la Mujer&nbsp; con un importante&nbsp; n\u00famero de&nbsp;\nmujeres emprendedoras del este Municipio. <\/p>\n\n\n\n<p>\u201cEl papel de\nla mujer en la vida diaria&nbsp; es&nbsp;&nbsp; muy importante, porque&nbsp; existen muchas que son&nbsp; el motor econ\u00f3mico de sus hogares, son&nbsp;&nbsp; la parte&nbsp;\nmedular de una&nbsp; familia y&nbsp; el equilibrio de la misma\u201d, Elizabeth\nBarrenechea, presidenta del DIF .<\/p>\n\n\n\n<p>&nbsp; Como parte de esta importante actividad,&nbsp; las autoridades municipales&nbsp; otorgaron espacios en la v\u00eda p\u00fablica&nbsp; a las propietarias de&nbsp; peque\u00f1os comercios con venta de&nbsp; pasteles, ropa elaborada en manta&nbsp; o bordada&nbsp;\na mano por manas artesanas,&nbsp;\ncosm\u00e9ticos,&nbsp; ropa, accesorios&nbsp; artesanales,&nbsp;&nbsp;\nlicores elaborados con fruta de la regi\u00f3n,&nbsp; conservar preparadas&nbsp; con fruta de temporada&nbsp; y todo tipo de artesan\u00eda local.<\/p>\n\n\n\n<p>&nbsp; Como&nbsp;\nparte de la actividad,&nbsp; un&nbsp; nutrido grupo de&nbsp; mujeres&nbsp;\nparticiparon en una s\u00faper&nbsp; clase\nde&nbsp; zumba , la cual fue dirigida por&nbsp; hombres y mujeres&nbsp; quienes&nbsp;\nlograron&nbsp; la activaci\u00f3n f\u00edsica&nbsp; de&nbsp;\naproximadamente una hora&nbsp; con\nalrededor de 200&nbsp; mujeres.<\/p>\n\n\n\n<p>&nbsp;El alcalde&nbsp;\ny sus esposa,&nbsp; llevaron a&nbsp; cabo un recorrido por cada uno de los puestos&nbsp; que fueron comerciales que fueron\ncolocados&nbsp; frente a la alcald\u00eda, con la\nintenci\u00f3n de dar&nbsp; a la&nbsp; mujeres emprendedoras, la oportunidad de&nbsp; ofertar sus art\u00edculos&nbsp; para su comercializaci\u00f3n&nbsp; que les permita la generaci\u00f3n de&nbsp;&nbsp; recursos econ\u00f3micos que les permita&nbsp; continuar sus negocios&nbsp; al tiempo que activan su econom\u00eda&nbsp; en&nbsp;\ncada uno de sus&nbsp;&nbsp; hogares.<\/p>\n\n\n\n<p>&nbsp;En este sentido la&nbsp; Presidenta del&nbsp; Organismo, Elizabeth Barrenechea,&nbsp;&nbsp; felicit\u00f3 a todas las mujeres&nbsp;&nbsp; y reconoci\u00f3 el esfuerzo que&nbsp; cada uno de ellas&nbsp; hace para&nbsp;\npoder llevar a sus familias el sustento diario.<\/p>\n\n\n\n<p>&nbsp;Exhort\u00f3 a todas las participantes de la\nactividad, a continuar adelante&nbsp; con el\ntrabajo diario que desempe\u00f1an, al tiempo que agradeci\u00f3&nbsp; su participaci\u00f3n&nbsp; lo que hizo posible- dijo- el desarrollo del\nevento.<\/p>\n","protected":false},"excerpt":{"rendered":"<p>AXTLA DE TERRAZAS- El&nbsp; Gobierno&nbsp; Municipal&nbsp;&nbsp; que&nbsp; encabeza Jovanny de Jes\u00fas Ram\u00f3n Cruz&nbsp;&nbsp; y el Sistema Municipal&nbsp; para el Desarrollo Integral de la Familia&nbsp; DIF&nbsp; que preside&nbsp; la Profra. Elizabeth Barrechenea, conmemoraron el D\u00eda Internacional de&nbsp;&nbsp; la Mujer&nbsp; con un importante&nbsp; n\u00famero de&nbsp; mujeres emprendedoras del este Municipio. \u201cEl papel de la mujer en la&hellip; <a class=\"more-link\" href=\"https:\/\/www.zunoticia.com\/noticias-de-hidalgo\/2020\/03\/09\/dif-conmemoro-a-las-mujeres-en-el-marco-del-dia-internacional-de-la-mujer-el-8-de-marzo\/\">Seguir leyendo <span class=\"screen-reader-text\">DIF conmemor\u00f3 a las  mujeres   en el marco del D\u00eda internacional de la Mujer el  8 de marzo<\/span><\/a><\/p>\n","protected":false},"author":12,"featured_media":334753,"comment_status":"open","ping_status":"open","sticky":false,"template":"","format":"standard","meta":{"rop_custom_images_group":[],"rop_custom_messages_group":[],"rop_publish_now":"initial","rop_publish_now_accounts":{"facebook_10159540855086992_322828327761733":""},"rop_publish_now_history":[],"rop_publish_now_status":"pending","footnotes":""},"categories":[1],"tags":[160],"class_list":["post-334778","post","type-post","status-publish","format-standard","has-post-thumbnail","hentry","category-sin-categoria","tag-axtla","entry"],"_links":{"self":[{"href":"https:\/\/www.zunoticia.com\/noticias-de-hidalgo\/wp-json\/wp\/v2\/posts\/334778","targetHints":{"allow":["GET"]}}],"collection":[{"href":"https:\/\/www.zunoticia.com\/noticias-de-hidalgo\/wp-json\/wp\/v2\/posts"}],"about":[{"href":"https:\/\/www.zunoticia.com\/noticias-de-hidalgo\/wp-json\/wp\/v2\/types\/post"}],"author":[{"embeddable":true,"href":"https:\/\/www.zunoticia.com\/noticias-de-hidalgo\/wp-json\/wp\/v2\/users\/12"}],"replies":[{"embeddable":true,"href":"https:\/\/www.zunoticia.com\/noticias-de-hidalgo\/wp-json\/wp\/v2\/comments?post=334778"}],"version-history":[{"count":0,"href":"https:\/\/www.zunoticia.com\/noticias-de-hidalgo\/wp-json\/wp\/v2\/posts\/334778\/revisions"}],"wp:featuredmedia":[{"embeddable":true,"href":"https:\/\/www.zunoticia.com\/noticias-de-hidalgo\/wp-json\/"}],"wp:attachment":[{"href":"https:\/\/www.zunoticia.com\/noticias-de-hidalgo\/wp-json\/wp\/v2\/media?parent=334778"}],"wp:term":[{"taxonomy":"category","embeddable":true,"href":"https:\/\/www.zunoticia.com\/noticias-de-hidalgo\/wp-json\/wp\/v2\/categories?post=334778"},{"taxonomy":"post_tag","embeddable":true,"href":"https:\/\/www.zunoticia.com\/noticias-de-hidalgo\/wp-json\/wp\/v2\/tags?post=334778"}],"curies":[{"name":"wp","href":"https:\/\/api.w.org\/{rel}","templated":true}]}}