{"id":334790,"date":"2020-03-09T12:48:05","date_gmt":"2020-03-09T18:48:05","guid":{"rendered":"http:\/\/www.zunoticia.com\/?p=334790"},"modified":"2020-03-09T12:48:05","modified_gmt":"2020-03-09T18:48:05","slug":"gremio-de-abogados-elegira-al-nuevo-dirigente-estatal-de-la-asociacion-de-abogados-de-slp","status":"publish","type":"post","link":"https:\/\/www.zunoticia.com\/noticias-de-hidalgo\/2020\/03\/09\/gremio-de-abogados-elegira-al-nuevo-dirigente-estatal-de-la-asociacion-de-abogados-de-slp\/","title":{"rendered":"Gremio de abogados elegir\u00e1 al nuevo dirigente  estatal de la Asociaci\u00f3n de Abogados de SLP"},"content":{"rendered":"<aside class=\"mashsb-container mashsb-main mashsb-stretched\"><div class=\"mashsb-box\"><div class=\"mashsb-count mash-large\" style=\"float:left\"><div class=\"counts mashsbcount\">0<\/div><span class=\"mashsb-sharetext\">SHARES<\/span><\/div><div class=\"mashsb-buttons\"><a class=\"mashicon-facebook mash-large mash-center mashsb-noshadow\" href=\"https:\/\/www.facebook.com\/sharer.php?u=https%3A%2F%2Fwww.zunoticia.com%2Fnoticias-de-hidalgo%2F2020%2F03%2F09%2Fgremio-de-abogados-elegira-al-nuevo-dirigente-estatal-de-la-asociacion-de-abogados-de-slp%2F\" target=\"_top\" rel=\"nofollow\"><span class=\"icon\"><\/span><span class=\"text\">Share<\/span><\/a><a class=\"mashicon-twitter mash-large mash-center mashsb-noshadow\" href=\"https:\/\/twitter.com\/intent\/tweet?text=&amp;url=https:\/\/www.zunoticia.com\/noticias-de-hidalgo\/2020\/03\/09\/gremio-de-abogados-elegira-al-nuevo-dirigente-estatal-de-la-asociacion-de-abogados-de-slp\/\" target=\"_top\" rel=\"nofollow\"><span class=\"icon\"><\/span><span class=\"text\">Tweet<\/span><\/a><div class=\"onoffswitch2 mash-large mashsb-noshadow\" style=\"display:none\"><\/div><\/div>\n            <\/div>\n                <div style=\"clear:both\"><\/div><div class=\"mashsb-toggle-container\"><\/div><\/aside>\n            <!-- Share buttons by mashshare.net - Version: 4.0.47-->\n<p>Matlapa, S.L.P.- Como cada dos a\u00f1os el gremio de\nabogados estar\u00e1n llevando a cabo las elecciones para elegir al nuevo dirigente\nestatal de la Asociaci\u00f3n de Abogados San Luis Potos\u00ed, votaci\u00f3n que se llevar\u00e1 a\ncabo el pr\u00f3ximo 22 de marzo del presente a\u00f1o.<\/p>\n\n\n\n<p>El ex Secretario de la Delegaci\u00f3n de la Huasteca\nSur, Doctor Raymundo Aquino Hern\u00e1ndez, coment\u00f3 \u201cla elecci\u00f3n se llevar\u00e1 a cabo\nen el municipio de Tamazunchale, podr\u00e1n acudir todos los abogados con c\u00e9dula\nprofesional, de cualquier municipio de la regi\u00f3n huasteca, tambi\u00e9n habr\u00e1 una\ncasilla en ciudad Valles para esa zona donde podr\u00e1n elegir a su candidato\u201d.<\/p>\n\n\n\n<p>Explic\u00f3 \u201cpor mi parte se est\u00e1 participando en la\nelecci\u00f3n de la dirigencia estatal de la asociaci\u00f3n de abogados, respaldando al Maestro\nMarco Polo M\u00e9ndez, quien es un destacado profesionista en Derecho y que tiene\nla experiencia de organizar al gremio de abogados\u201d.<\/p>\n\n\n\n<p>De manera extraoficial se conoce que la sede de la\nvotaci\u00f3n ser\u00e1 en la C\u00e1mara Nacional del Comercio en Tamazunchale.<\/p>\n\n\n\n<p>Cabe hacer menci\u00f3n que dicha elecci\u00f3n se efect\u00faa\ncada dos a\u00f1os y actualmente en cabeza la Dirigencia Estatal el Licenciado\nHuitzilihuitl Ortega P\u00e9rez.<\/p>\n\n\n\n<p>Se invita a los Abogados y Abogadas a participar\ndentro de las elecciones del Delegado Estatal de la Asociaci\u00f3n de Abogados.<\/p>\n","protected":false},"excerpt":{"rendered":"<p>Matlapa, S.L.P.- Como cada dos a\u00f1os el gremio de abogados estar\u00e1n llevando a cabo las elecciones para elegir al nuevo dirigente estatal de la Asociaci\u00f3n de Abogados San Luis Potos\u00ed, votaci\u00f3n que se llevar\u00e1 a cabo el pr\u00f3ximo 22 de marzo del presente a\u00f1o. El ex Secretario de la Delegaci\u00f3n de la Huasteca Sur, Doctor&hellip; <a class=\"more-link\" href=\"https:\/\/www.zunoticia.com\/noticias-de-hidalgo\/2020\/03\/09\/gremio-de-abogados-elegira-al-nuevo-dirigente-estatal-de-la-asociacion-de-abogados-de-slp\/\">Seguir leyendo <span class=\"screen-reader-text\">Gremio de abogados elegir\u00e1 al nuevo dirigente  estatal de la Asociaci\u00f3n de Abogados de SLP<\/span><\/a><\/p>\n","protected":false},"author":12,"featured_media":334756,"comment_status":"open","ping_status":"open","sticky":false,"template":"","format":"standard","meta":{"rop_custom_images_group":[],"rop_custom_messages_group":[],"rop_publish_now":"initial","rop_publish_now_accounts":{"facebook_10159540855086992_322828327761733":""},"rop_publish_now_history":[],"rop_publish_now_status":"pending","footnotes":""},"categories":[1],"tags":[169],"class_list":["post-334790","post","type-post","status-publish","format-standard","has-post-thumbnail","hentry","category-sin-categoria","tag-matlapa","entry"],"_links":{"self":[{"href":"https:\/\/www.zunoticia.com\/noticias-de-hidalgo\/wp-json\/wp\/v2\/posts\/334790","targetHints":{"allow":["GET"]}}],"collection":[{"href":"https:\/\/www.zunoticia.com\/noticias-de-hidalgo\/wp-json\/wp\/v2\/posts"}],"about":[{"href":"https:\/\/www.zunoticia.com\/noticias-de-hidalgo\/wp-json\/wp\/v2\/types\/post"}],"author":[{"embeddable":true,"href":"https:\/\/www.zunoticia.com\/noticias-de-hidalgo\/wp-json\/wp\/v2\/users\/12"}],"replies":[{"embeddable":true,"href":"https:\/\/www.zunoticia.com\/noticias-de-hidalgo\/wp-json\/wp\/v2\/comments?post=334790"}],"version-history":[{"count":0,"href":"https:\/\/www.zunoticia.com\/noticias-de-hidalgo\/wp-json\/wp\/v2\/posts\/334790\/revisions"}],"wp:featuredmedia":[{"embeddable":true,"href":"https:\/\/www.zunoticia.com\/noticias-de-hidalgo\/wp-json\/"}],"wp:attachment":[{"href":"https:\/\/www.zunoticia.com\/noticias-de-hidalgo\/wp-json\/wp\/v2\/media?parent=334790"}],"wp:term":[{"taxonomy":"category","embeddable":true,"href":"https:\/\/www.zunoticia.com\/noticias-de-hidalgo\/wp-json\/wp\/v2\/categories?post=334790"},{"taxonomy":"post_tag","embeddable":true,"href":"https:\/\/www.zunoticia.com\/noticias-de-hidalgo\/wp-json\/wp\/v2\/tags?post=334790"}],"curies":[{"name":"wp","href":"https:\/\/api.w.org\/{rel}","templated":true}]}}