{"id":334804,"date":"2020-03-09T12:53:11","date_gmt":"2020-03-09T18:53:11","guid":{"rendered":"http:\/\/www.zunoticia.com\/?p=334804"},"modified":"2020-03-09T12:53:11","modified_gmt":"2020-03-09T18:53:11","slug":"exhortan-a-automovilistas-a-manejar-con-precaucion","status":"publish","type":"post","link":"https:\/\/www.zunoticia.com\/noticias-de-hidalgo\/2020\/03\/09\/exhortan-a-automovilistas-a-manejar-con-precaucion\/","title":{"rendered":"Exhortan a  automovilistas  a manejar  con precauci\u00f3n"},"content":{"rendered":"<aside class=\"mashsb-container mashsb-main mashsb-stretched\"><div class=\"mashsb-box\"><div class=\"mashsb-count mash-large\" style=\"float:left\"><div class=\"counts mashsbcount\">0<\/div><span class=\"mashsb-sharetext\">SHARES<\/span><\/div><div class=\"mashsb-buttons\"><a class=\"mashicon-facebook mash-large mash-center mashsb-noshadow\" href=\"https:\/\/www.facebook.com\/sharer.php?u=https%3A%2F%2Fwww.zunoticia.com%2Fnoticias-de-hidalgo%2F2020%2F03%2F09%2Fexhortan-a-automovilistas-a-manejar-con-precaucion%2F\" target=\"_top\" rel=\"nofollow\"><span class=\"icon\"><\/span><span class=\"text\">Share<\/span><\/a><a class=\"mashicon-twitter mash-large mash-center mashsb-noshadow\" href=\"https:\/\/twitter.com\/intent\/tweet?text=&amp;url=https:\/\/www.zunoticia.com\/noticias-de-hidalgo\/2020\/03\/09\/exhortan-a-automovilistas-a-manejar-con-precaucion\/\" target=\"_top\" rel=\"nofollow\"><span class=\"icon\"><\/span><span class=\"text\">Tweet<\/span><\/a><div class=\"onoffswitch2 mash-large mashsb-noshadow\" style=\"display:none\"><\/div><\/div>\n            <\/div>\n                <div style=\"clear:both\"><\/div><div class=\"mashsb-toggle-container\"><\/div><\/aside>\n            <!-- Share buttons by mashshare.net - Version: 4.0.47-->\n<p>Xilitla, S.L.P.- Autoridades&nbsp; de Seguridad P\u00fablica y Tr\u00e1nsito Municipal\nexhortan a los automovilistas que circulan por las carreteras de la zona a\nextremar precauciones debido a que la carpeta asf\u00e1ltica se encuentra demasiado\nh\u00fameda por la&nbsp; presencia de llovizna durante&nbsp; los d\u00edas pasados.&nbsp; <\/p>\n\n\n\n<p>Eduardo Arturo Oreza, responsable de Tr\u00e1nsito\nMunicipal, dijo que es importante que los conductores tomen conciencia respecto\na lo peligro que puede llegar a ser si no se aplican las medidas preventivas al\nmomento de circular por las carreteras como son respetar los l\u00edmites de\nvelocidad, luces encendidas, utilizar el cintur\u00f3n de seguridad, utilizar las\nintermitentes y&nbsp; bajar la velocidad en donde\nexisten curvas para evitar que las unidades se derrapen ya que lo anterior es\nmuy com\u00fan en&nbsp; la zona.<\/p>\n\n\n\n<p>Detall\u00f3 que durante el fin de semana que\nculmin\u00f3 se cont\u00f3 con un importante n\u00famero de visitantes, por lo que los elementos\nde la&nbsp; corporaci\u00f3n estuvieron realizando\nrecorridos de vigilancia a los diferentes sitios con mayor presencia de\nturismo, siendo Las Pozas uno de los principales, puntualiz\u00f3.<\/p>\n","protected":false},"excerpt":{"rendered":"<p>Xilitla, S.L.P.- Autoridades&nbsp; de Seguridad P\u00fablica y Tr\u00e1nsito Municipal exhortan a los automovilistas que circulan por las carreteras de la zona a extremar precauciones debido a que la carpeta asf\u00e1ltica se encuentra demasiado h\u00fameda por la&nbsp; presencia de llovizna durante&nbsp; los d\u00edas pasados.&nbsp; Eduardo Arturo Oreza, responsable de Tr\u00e1nsito Municipal, dijo que es importante que&hellip; <a class=\"more-link\" href=\"https:\/\/www.zunoticia.com\/noticias-de-hidalgo\/2020\/03\/09\/exhortan-a-automovilistas-a-manejar-con-precaucion\/\">Seguir leyendo <span class=\"screen-reader-text\">Exhortan a  automovilistas  a manejar  con precauci\u00f3n<\/span><\/a><\/p>\n","protected":false},"author":12,"featured_media":334762,"comment_status":"open","ping_status":"open","sticky":false,"template":"","format":"standard","meta":{"rop_custom_images_group":[],"rop_custom_messages_group":[],"rop_publish_now":"initial","rop_publish_now_accounts":{"facebook_10159540855086992_322828327761733":""},"rop_publish_now_history":[],"rop_publish_now_status":"pending","footnotes":""},"categories":[1],"tags":[165],"class_list":["post-334804","post","type-post","status-publish","format-standard","has-post-thumbnail","hentry","category-sin-categoria","tag-xilitla","entry"],"_links":{"self":[{"href":"https:\/\/www.zunoticia.com\/noticias-de-hidalgo\/wp-json\/wp\/v2\/posts\/334804","targetHints":{"allow":["GET"]}}],"collection":[{"href":"https:\/\/www.zunoticia.com\/noticias-de-hidalgo\/wp-json\/wp\/v2\/posts"}],"about":[{"href":"https:\/\/www.zunoticia.com\/noticias-de-hidalgo\/wp-json\/wp\/v2\/types\/post"}],"author":[{"embeddable":true,"href":"https:\/\/www.zunoticia.com\/noticias-de-hidalgo\/wp-json\/wp\/v2\/users\/12"}],"replies":[{"embeddable":true,"href":"https:\/\/www.zunoticia.com\/noticias-de-hidalgo\/wp-json\/wp\/v2\/comments?post=334804"}],"version-history":[{"count":0,"href":"https:\/\/www.zunoticia.com\/noticias-de-hidalgo\/wp-json\/wp\/v2\/posts\/334804\/revisions"}],"wp:featuredmedia":[{"embeddable":true,"href":"https:\/\/www.zunoticia.com\/noticias-de-hidalgo\/wp-json\/"}],"wp:attachment":[{"href":"https:\/\/www.zunoticia.com\/noticias-de-hidalgo\/wp-json\/wp\/v2\/media?parent=334804"}],"wp:term":[{"taxonomy":"category","embeddable":true,"href":"https:\/\/www.zunoticia.com\/noticias-de-hidalgo\/wp-json\/wp\/v2\/categories?post=334804"},{"taxonomy":"post_tag","embeddable":true,"href":"https:\/\/www.zunoticia.com\/noticias-de-hidalgo\/wp-json\/wp\/v2\/tags?post=334804"}],"curies":[{"name":"wp","href":"https:\/\/api.w.org\/{rel}","templated":true}]}}