{"id":334864,"date":"2020-03-09T21:43:30","date_gmt":"2020-03-10T03:43:30","guid":{"rendered":"http:\/\/www.zunoticia.com\/?p=334864"},"modified":"2020-03-09T21:43:30","modified_gmt":"2020-03-10T03:43:30","slug":"5-toneladas-de-basura-recolecto-camion-en-ensenada-chalco","status":"publish","type":"post","link":"https:\/\/www.zunoticia.com\/noticias-de-hidalgo\/2020\/03\/09\/5-toneladas-de-basura-recolecto-camion-en-ensenada-chalco\/","title":{"rendered":"5 toneladas de basura recolect\u00f3 cami\u00f3n en Ensenada-Chalco"},"content":{"rendered":"<aside class=\"mashsb-container mashsb-main mashsb-stretched\"><div class=\"mashsb-box\"><div class=\"mashsb-count mash-large\" style=\"float:left\"><div class=\"counts mashsbcount\">0<\/div><span class=\"mashsb-sharetext\">SHARES<\/span><\/div><div class=\"mashsb-buttons\"><a class=\"mashicon-facebook mash-large mash-center mashsb-noshadow\" href=\"https:\/\/www.facebook.com\/sharer.php?u=https%3A%2F%2Fwww.zunoticia.com%2Fnoticias-de-hidalgo%2F2020%2F03%2F09%2F5-toneladas-de-basura-recolecto-camion-en-ensenada-chalco%2F\" target=\"_top\" rel=\"nofollow\"><span class=\"icon\"><\/span><span class=\"text\">Share<\/span><\/a><a class=\"mashicon-twitter mash-large mash-center mashsb-noshadow\" href=\"https:\/\/twitter.com\/intent\/tweet?text=&amp;url=https:\/\/www.zunoticia.com\/noticias-de-hidalgo\/2020\/03\/09\/5-toneladas-de-basura-recolecto-camion-en-ensenada-chalco\/\" target=\"_top\" rel=\"nofollow\"><span class=\"icon\"><\/span><span class=\"text\">Tweet<\/span><\/a><div class=\"onoffswitch2 mash-large mashsb-noshadow\" style=\"display:none\"><\/div><\/div>\n            <\/div>\n                <div style=\"clear:both\"><\/div><div class=\"mashsb-toggle-container\"><\/div><\/aside>\n            <!-- Share buttons by mashshare.net - Version: 4.0.47-->\n<ul class=\"wp-block-list\"><li>La direcci\u00f3n\nde Servicios Municipales llev\u00f3 cabo la recolecci\u00f3n de una gran cantidad de\nbolsas con basura como parte de la campa\u00f1a de limpieza \u201cAxtla, te quiero\nlimpio\u201d.<\/li><\/ul>\n\n\n\n<p>Axtla de\nTerrazas, S.L.P.- Habitantes del Barrio Ensenada-Chalco y autoridades de salud\nmanifestaron su agradecimiento al alcalde Jovanny de Jes\u00fas Ram\u00f3n Cruz, por\nhaber atendido el llamado de la solicitud de un cami\u00f3n recolector de basura, el\ncual era de gran necesidad para la comunidad debido a la generaci\u00f3n de todo\ntipo de desechos.<\/p>\n\n\n\n<p>La unidad\nrecolectora de basura realiz\u00f3 un recorrido por las principales calles y caminos\nde la citada localidad, en el que personal de la direcci\u00f3n de Servicios\nMunicipales llev\u00f3 cabo la recolecci\u00f3n de una gran cantidad de bolsas con basura\ncomo parte de la campa\u00f1a de limpieza \u201cAxtla, te quiero limpio\u201d, la cual fue\nimplementada por el gobierno municipal que preside Jovanny de Jes\u00fas Ram\u00f3n Cruz\ny en la que participan la mayor\u00eda de los trabajadores del ayuntamiento, quienes\nrealizan labores de limpieza en las principales calles del pueblo a fin de que\nlos espacios p\u00fablicos permanezcan libres de basura, proporcionando una mejor\nimagen al visitante.<\/p>\n\n\n\n<p>Las\nautoridades municipales anunciaron que la campa\u00f1a continuar\u00e1 de manera\npermanente en todo el municipio, por lo que se est\u00e1 solicitando la cooperaci\u00f3n\nde la poblaci\u00f3n en general para que juntos se le hagan frente al problema y con\nla suma de esfuerzos poder logar que las calles de la zona centro, sectores y\ncomunidades permanezcan libres de basura y de la contaminaci\u00f3n que esto genera.<\/p>\n","protected":false},"excerpt":{"rendered":"<p>La direcci\u00f3n de Servicios Municipales llev\u00f3 cabo la recolecci\u00f3n de una gran cantidad de bolsas con basura como parte de la campa\u00f1a de limpieza \u201cAxtla, te quiero limpio\u201d. Axtla de Terrazas, S.L.P.- Habitantes del Barrio Ensenada-Chalco y autoridades de salud manifestaron su agradecimiento al alcalde Jovanny de Jes\u00fas Ram\u00f3n Cruz, por haber atendido el llamado&hellip; <a class=\"more-link\" href=\"https:\/\/www.zunoticia.com\/noticias-de-hidalgo\/2020\/03\/09\/5-toneladas-de-basura-recolecto-camion-en-ensenada-chalco\/\">Seguir leyendo <span class=\"screen-reader-text\">5 toneladas de basura recolect\u00f3 cami\u00f3n en Ensenada-Chalco<\/span><\/a><\/p>\n","protected":false},"author":12,"featured_media":334819,"comment_status":"open","ping_status":"open","sticky":false,"template":"","format":"standard","meta":{"rop_custom_images_group":[],"rop_custom_messages_group":[],"rop_publish_now":"initial","rop_publish_now_accounts":{"facebook_10159540855086992_322828327761733":""},"rop_publish_now_history":[],"rop_publish_now_status":"pending","footnotes":""},"categories":[1],"tags":[160],"class_list":["post-334864","post","type-post","status-publish","format-standard","has-post-thumbnail","hentry","category-sin-categoria","tag-axtla","entry"],"_links":{"self":[{"href":"https:\/\/www.zunoticia.com\/noticias-de-hidalgo\/wp-json\/wp\/v2\/posts\/334864","targetHints":{"allow":["GET"]}}],"collection":[{"href":"https:\/\/www.zunoticia.com\/noticias-de-hidalgo\/wp-json\/wp\/v2\/posts"}],"about":[{"href":"https:\/\/www.zunoticia.com\/noticias-de-hidalgo\/wp-json\/wp\/v2\/types\/post"}],"author":[{"embeddable":true,"href":"https:\/\/www.zunoticia.com\/noticias-de-hidalgo\/wp-json\/wp\/v2\/users\/12"}],"replies":[{"embeddable":true,"href":"https:\/\/www.zunoticia.com\/noticias-de-hidalgo\/wp-json\/wp\/v2\/comments?post=334864"}],"version-history":[{"count":0,"href":"https:\/\/www.zunoticia.com\/noticias-de-hidalgo\/wp-json\/wp\/v2\/posts\/334864\/revisions"}],"wp:featuredmedia":[{"embeddable":true,"href":"https:\/\/www.zunoticia.com\/noticias-de-hidalgo\/wp-json\/"}],"wp:attachment":[{"href":"https:\/\/www.zunoticia.com\/noticias-de-hidalgo\/wp-json\/wp\/v2\/media?parent=334864"}],"wp:term":[{"taxonomy":"category","embeddable":true,"href":"https:\/\/www.zunoticia.com\/noticias-de-hidalgo\/wp-json\/wp\/v2\/categories?post=334864"},{"taxonomy":"post_tag","embeddable":true,"href":"https:\/\/www.zunoticia.com\/noticias-de-hidalgo\/wp-json\/wp\/v2\/tags?post=334864"}],"curies":[{"name":"wp","href":"https:\/\/api.w.org\/{rel}","templated":true}]}}