{"id":334866,"date":"2020-03-09T21:44:32","date_gmt":"2020-03-10T03:44:32","guid":{"rendered":"http:\/\/www.zunoticia.com\/?p=334866"},"modified":"2020-03-09T21:44:32","modified_gmt":"2020-03-10T03:44:32","slug":"instalan-luminarias-en-cabecera-y-comunidades","status":"publish","type":"post","link":"https:\/\/www.zunoticia.com\/noticias-de-hidalgo\/2020\/03\/09\/instalan-luminarias-en-cabecera-y-comunidades\/","title":{"rendered":"Instalan luminarias en  cabecera y  comunidades"},"content":{"rendered":"<aside class=\"mashsb-container mashsb-main mashsb-stretched\"><div class=\"mashsb-box\"><div class=\"mashsb-count mash-large\" style=\"float:left\"><div class=\"counts mashsbcount\">0<\/div><span class=\"mashsb-sharetext\">SHARES<\/span><\/div><div class=\"mashsb-buttons\"><a class=\"mashicon-facebook mash-large mash-center mashsb-noshadow\" href=\"https:\/\/www.facebook.com\/sharer.php?u=https%3A%2F%2Fwww.zunoticia.com%2Fnoticias-de-hidalgo%2F2020%2F03%2F09%2Finstalan-luminarias-en-cabecera-y-comunidades%2F\" target=\"_top\" rel=\"nofollow\"><span class=\"icon\"><\/span><span class=\"text\">Share<\/span><\/a><a class=\"mashicon-twitter mash-large mash-center mashsb-noshadow\" href=\"https:\/\/twitter.com\/intent\/tweet?text=&amp;url=https:\/\/www.zunoticia.com\/noticias-de-hidalgo\/2020\/03\/09\/instalan-luminarias-en-cabecera-y-comunidades\/\" target=\"_top\" rel=\"nofollow\"><span class=\"icon\"><\/span><span class=\"text\">Tweet<\/span><\/a><div class=\"onoffswitch2 mash-large mashsb-noshadow\" style=\"display:none\"><\/div><\/div>\n            <\/div>\n                <div style=\"clear:both\"><\/div><div class=\"mashsb-toggle-container\"><\/div><\/aside>\n            <!-- Share buttons by mashshare.net - Version: 4.0.47-->\n<p>Axtla de Terrazas,\nS.L.P.- Con la intenci\u00f3n de que la poblaci\u00f3n que habita en los diferentes&nbsp; sectores del municipio camine con mayor\ntranquilidad por sus calles, las autoridades municipales responsables del\nalumbrado p\u00fablico han emprendido una campa\u00f1a de mantenimiento y colocaci\u00f3n de\nl\u00e1mparas en diferentes puntos del municipio.<\/p>\n\n\n\n<p>Lo anterior\ncomo una pronta respuesta a la gran cantidad de solicitudes de los comit\u00e9s de\nalumbrado p\u00fablico, quienes han hecho llegar las peticiones a la direcci\u00f3n correspondiente.<\/p>\n\n\n\n<p>Al respecto,\nRa\u00fal Espinosa Sastr\u00e9, director de Alumbrado P\u00fablico, inform\u00f3 que son un\npromedio de 25 l\u00e1mparas que diariamente se est\u00e1n cambiando y dando mantenimiento\na lo largo y ancho del municipio. <\/p>\n\n\n\n<p>Se trabaja a\ntrav\u00e9s de una calendarizaci\u00f3n de actividades mediante lo cual se va dando\natenci\u00f3n y soluci\u00f3n a cada una de las solicitudes, tanto de las comunidades\ncomo de los diferentes sectores de la cabecera.<\/p>\n\n\n\n<p>El\nfuncionario municipal, detall\u00f3 que las acciones dieron inicio en la comunidad\nde Jalpilla, Calcahuatl, Comoca-Ahuacatitla, Pomoco, Tampochocho, Barrio Ortega\ny Ahuacatitla.<\/p>\n","protected":false},"excerpt":{"rendered":"<p>Axtla de Terrazas, S.L.P.- Con la intenci\u00f3n de que la poblaci\u00f3n que habita en los diferentes&nbsp; sectores del municipio camine con mayor tranquilidad por sus calles, las autoridades municipales responsables del alumbrado p\u00fablico han emprendido una campa\u00f1a de mantenimiento y colocaci\u00f3n de l\u00e1mparas en diferentes puntos del municipio. Lo anterior como una pronta respuesta a&hellip; <a class=\"more-link\" href=\"https:\/\/www.zunoticia.com\/noticias-de-hidalgo\/2020\/03\/09\/instalan-luminarias-en-cabecera-y-comunidades\/\">Seguir leyendo <span class=\"screen-reader-text\">Instalan luminarias en  cabecera y  comunidades<\/span><\/a><\/p>\n","protected":false},"author":12,"featured_media":334820,"comment_status":"open","ping_status":"open","sticky":false,"template":"","format":"standard","meta":{"rop_custom_images_group":[],"rop_custom_messages_group":[],"rop_publish_now":"initial","rop_publish_now_accounts":{"facebook_10159540855086992_322828327761733":""},"rop_publish_now_history":[],"rop_publish_now_status":"pending","footnotes":""},"categories":[1],"tags":[160],"class_list":["post-334866","post","type-post","status-publish","format-standard","has-post-thumbnail","hentry","category-sin-categoria","tag-axtla","entry"],"_links":{"self":[{"href":"https:\/\/www.zunoticia.com\/noticias-de-hidalgo\/wp-json\/wp\/v2\/posts\/334866","targetHints":{"allow":["GET"]}}],"collection":[{"href":"https:\/\/www.zunoticia.com\/noticias-de-hidalgo\/wp-json\/wp\/v2\/posts"}],"about":[{"href":"https:\/\/www.zunoticia.com\/noticias-de-hidalgo\/wp-json\/wp\/v2\/types\/post"}],"author":[{"embeddable":true,"href":"https:\/\/www.zunoticia.com\/noticias-de-hidalgo\/wp-json\/wp\/v2\/users\/12"}],"replies":[{"embeddable":true,"href":"https:\/\/www.zunoticia.com\/noticias-de-hidalgo\/wp-json\/wp\/v2\/comments?post=334866"}],"version-history":[{"count":0,"href":"https:\/\/www.zunoticia.com\/noticias-de-hidalgo\/wp-json\/wp\/v2\/posts\/334866\/revisions"}],"wp:featuredmedia":[{"embeddable":true,"href":"https:\/\/www.zunoticia.com\/noticias-de-hidalgo\/wp-json\/"}],"wp:attachment":[{"href":"https:\/\/www.zunoticia.com\/noticias-de-hidalgo\/wp-json\/wp\/v2\/media?parent=334866"}],"wp:term":[{"taxonomy":"category","embeddable":true,"href":"https:\/\/www.zunoticia.com\/noticias-de-hidalgo\/wp-json\/wp\/v2\/categories?post=334866"},{"taxonomy":"post_tag","embeddable":true,"href":"https:\/\/www.zunoticia.com\/noticias-de-hidalgo\/wp-json\/wp\/v2\/tags?post=334866"}],"curies":[{"name":"wp","href":"https:\/\/api.w.org\/{rel}","templated":true}]}}