{"id":335148,"date":"2020-03-10T21:42:37","date_gmt":"2020-03-11T03:42:37","guid":{"rendered":"http:\/\/www.zunoticia.com\/?p=335148"},"modified":"2020-03-10T21:42:37","modified_gmt":"2020-03-11T03:42:37","slug":"primaria-heroes-de-la-independencia-se-unio-al-paro-feminista-del-lunes-9","status":"publish","type":"post","link":"https:\/\/www.zunoticia.com\/noticias-de-hidalgo\/2020\/03\/10\/primaria-heroes-de-la-independencia-se-unio-al-paro-feminista-del-lunes-9\/","title":{"rendered":"Primaria H\u00e9roes de la Independencia  se uni\u00f3 al paro feminista del lunes 9"},"content":{"rendered":"<aside class=\"mashsb-container mashsb-main mashsb-stretched\"><div class=\"mashsb-box\"><div class=\"mashsb-count mash-large\" style=\"float:left\"><div class=\"counts mashsbcount\">0<\/div><span class=\"mashsb-sharetext\">SHARES<\/span><\/div><div class=\"mashsb-buttons\"><a class=\"mashicon-facebook mash-large mash-center mashsb-noshadow\" href=\"https:\/\/www.facebook.com\/sharer.php?u=https%3A%2F%2Fwww.zunoticia.com%2Fnoticias-de-hidalgo%2F2020%2F03%2F10%2Fprimaria-heroes-de-la-independencia-se-unio-al-paro-feminista-del-lunes-9%2F\" target=\"_top\" rel=\"nofollow\"><span class=\"icon\"><\/span><span class=\"text\">Share<\/span><\/a><a class=\"mashicon-twitter mash-large mash-center mashsb-noshadow\" href=\"https:\/\/twitter.com\/intent\/tweet?text=&amp;url=https:\/\/www.zunoticia.com\/noticias-de-hidalgo\/2020\/03\/10\/primaria-heroes-de-la-independencia-se-unio-al-paro-feminista-del-lunes-9\/\" target=\"_top\" rel=\"nofollow\"><span class=\"icon\"><\/span><span class=\"text\">Tweet<\/span><\/a><div class=\"onoffswitch2 mash-large mashsb-noshadow\" style=\"display:none\"><\/div><\/div>\n            <\/div>\n                <div style=\"clear:both\"><\/div><div class=\"mashsb-toggle-container\"><\/div><\/aside>\n            <!-- Share buttons by mashshare.net - Version: 4.0.47-->\n<p>Axtla de Terrazas, S.L.P.- Las autoridades educativas de la Escuela\nPrimaria H\u00e9roes de la Independencia, padres de familia y alumnos se sumaron a\nla protesta feminista del pasado 9 de marzo pero de una forma diferente.<\/p>\n\n\n\n<p>En cartulinas de color morado fueron plasmados mensajes relacionados\ncon los derechos de las ni\u00f1as y ni\u00f1os, mismas que fueron colocadas en un list\u00f3n\ny colgadas sobre la barda en la parte exterior del plantel a la vista del p\u00fablico.<\/p>\n\n\n\n<p>Las madres de familia, participaron en una conferencia con temas\nrelacionados&nbsp; con sus derechos&nbsp; y responsabilidades tanto de ellas como de\nsus hijos.&nbsp;&nbsp;&nbsp;&nbsp; <\/p>\n\n\n\n<p>Al respecto, la Profra. Nancy Mireya Barajas L\u00f3pez, directora de la instituci\u00f3n,\ndetall\u00f3 que la intenci\u00f3n de la actividad fue&nbsp;\nsumarse a la protesta de \u201cUn D\u00eda Sin&nbsp;\nMujeres\u201d pero haci\u00e9ndolo de una forma diferente mediante el desarrollo\nde una serie de actividades en las que se involucr\u00f3 a las madres y sus hijos.<\/p>\n\n\n\n<p>De esa forma -dijo- se busca cambiar un poquito el criterio o la idea\nhacia las madres de familia, quienes realizaron las cartulinas y plasmaron\nmensajes alusivos a la fecha en compa\u00f1\u00eda de sus peque\u00f1os mediante lo cual\nse&nbsp; manifest\u00f3 el rechazo total a la violencia\ndel g\u00e9nero femenino y de esa manera inculcar a los ni\u00f1os el hecho y prop\u00f3sito\nde la lucha de las mujeres para poder logar lo que se han propuesto.<\/p>\n\n\n\n<p>La docente detall\u00f3 que pese a que les fue otorgado el d\u00eda 9, ellas\ndecidieron trabajar para inculcar, sin embargo aclar\u00f3 \u201ceso no quiere decir que\nno nos hayamos sumado a la protesta, sino que lo hicimos de una manera diferente\nen pro de los derechos de las ni\u00f1as y las mujeres\u201d puntualiz\u00f3 Barajas L\u00f3pez.<\/p>\n","protected":false},"excerpt":{"rendered":"<p>Axtla de Terrazas, S.L.P.- Las autoridades educativas de la Escuela Primaria H\u00e9roes de la Independencia, padres de familia y alumnos se sumaron a la protesta feminista del pasado 9 de marzo pero de una forma diferente. En cartulinas de color morado fueron plasmados mensajes relacionados con los derechos de las ni\u00f1as y ni\u00f1os, mismas que&hellip; <a class=\"more-link\" href=\"https:\/\/www.zunoticia.com\/noticias-de-hidalgo\/2020\/03\/10\/primaria-heroes-de-la-independencia-se-unio-al-paro-feminista-del-lunes-9\/\">Seguir leyendo <span class=\"screen-reader-text\">Primaria H\u00e9roes de la Independencia  se uni\u00f3 al paro feminista del lunes 9<\/span><\/a><\/p>\n","protected":false},"author":12,"featured_media":335103,"comment_status":"open","ping_status":"open","sticky":false,"template":"","format":"standard","meta":{"rop_custom_images_group":[],"rop_custom_messages_group":[],"rop_publish_now":"initial","rop_publish_now_accounts":{"facebook_10159540855086992_322828327761733":""},"rop_publish_now_history":[],"rop_publish_now_status":"pending","footnotes":""},"categories":[1],"tags":[160],"class_list":["post-335148","post","type-post","status-publish","format-standard","has-post-thumbnail","hentry","category-sin-categoria","tag-axtla","entry"],"_links":{"self":[{"href":"https:\/\/www.zunoticia.com\/noticias-de-hidalgo\/wp-json\/wp\/v2\/posts\/335148","targetHints":{"allow":["GET"]}}],"collection":[{"href":"https:\/\/www.zunoticia.com\/noticias-de-hidalgo\/wp-json\/wp\/v2\/posts"}],"about":[{"href":"https:\/\/www.zunoticia.com\/noticias-de-hidalgo\/wp-json\/wp\/v2\/types\/post"}],"author":[{"embeddable":true,"href":"https:\/\/www.zunoticia.com\/noticias-de-hidalgo\/wp-json\/wp\/v2\/users\/12"}],"replies":[{"embeddable":true,"href":"https:\/\/www.zunoticia.com\/noticias-de-hidalgo\/wp-json\/wp\/v2\/comments?post=335148"}],"version-history":[{"count":0,"href":"https:\/\/www.zunoticia.com\/noticias-de-hidalgo\/wp-json\/wp\/v2\/posts\/335148\/revisions"}],"wp:featuredmedia":[{"embeddable":true,"href":"https:\/\/www.zunoticia.com\/noticias-de-hidalgo\/wp-json\/"}],"wp:attachment":[{"href":"https:\/\/www.zunoticia.com\/noticias-de-hidalgo\/wp-json\/wp\/v2\/media?parent=335148"}],"wp:term":[{"taxonomy":"category","embeddable":true,"href":"https:\/\/www.zunoticia.com\/noticias-de-hidalgo\/wp-json\/wp\/v2\/categories?post=335148"},{"taxonomy":"post_tag","embeddable":true,"href":"https:\/\/www.zunoticia.com\/noticias-de-hidalgo\/wp-json\/wp\/v2\/tags?post=335148"}],"curies":[{"name":"wp","href":"https:\/\/api.w.org\/{rel}","templated":true}]}}