{"id":335150,"date":"2020-03-10T21:43:18","date_gmt":"2020-03-11T03:43:18","guid":{"rendered":"http:\/\/www.zunoticia.com\/?p=335150"},"modified":"2020-03-10T21:43:18","modified_gmt":"2020-03-11T03:43:18","slug":"el-3-de-abril-sera-el-carnaval-2020","status":"publish","type":"post","link":"https:\/\/www.zunoticia.com\/noticias-de-hidalgo\/2020\/03\/10\/el-3-de-abril-sera-el-carnaval-2020\/","title":{"rendered":"El 3 de abril ser\u00e1 el Carnaval 2020"},"content":{"rendered":"<aside class=\"mashsb-container mashsb-main mashsb-stretched\"><div class=\"mashsb-box\"><div class=\"mashsb-count mash-large\" style=\"float:left\"><div class=\"counts mashsbcount\">0<\/div><span class=\"mashsb-sharetext\">SHARES<\/span><\/div><div class=\"mashsb-buttons\"><a class=\"mashicon-facebook mash-large mash-center mashsb-noshadow\" href=\"https:\/\/www.facebook.com\/sharer.php?u=https%3A%2F%2Fwww.zunoticia.com%2Fnoticias-de-hidalgo%2F2020%2F03%2F10%2Fel-3-de-abril-sera-el-carnaval-2020%2F\" target=\"_top\" rel=\"nofollow\"><span class=\"icon\"><\/span><span class=\"text\">Share<\/span><\/a><a class=\"mashicon-twitter mash-large mash-center mashsb-noshadow\" href=\"https:\/\/twitter.com\/intent\/tweet?text=&amp;url=https:\/\/www.zunoticia.com\/noticias-de-hidalgo\/2020\/03\/10\/el-3-de-abril-sera-el-carnaval-2020\/\" target=\"_top\" rel=\"nofollow\"><span class=\"icon\"><\/span><span class=\"text\">Tweet<\/span><\/a><div class=\"onoffswitch2 mash-large mashsb-noshadow\" style=\"display:none\"><\/div><\/div>\n            <\/div>\n                <div style=\"clear:both\"><\/div><div class=\"mashsb-toggle-container\"><\/div><\/aside>\n            <!-- Share buttons by mashshare.net - Version: 4.0.47-->\n<p>Axtla de Terrazas, S.L.P.- El Gobierno Municipal que preside el alcalde\nJovanny de Jes\u00fas Ram\u00f3n Cruz a trav\u00e9s de la Direcci\u00f3n Municipal de Turismo llevan\na cabo los preparativos para lo que ser\u00e1 el Carnaval 2020 en el&nbsp; que se contempla la participaci\u00f3n de poco m\u00e1s\nde 20 grupos para competir por los primeros lugares. <\/p>\n\n\n\n<p>La actividad, se estar\u00e1 desarrollando el 3 de abril del 2020 dando\ninicio a las 5:00 de la tarde por las principales calles del pueblo para\nculminar en la ribera del r\u00edo.<\/p>\n\n\n\n<p>Los premios en efectivo ser\u00e1n 7 mil pesos para el mejor carro\naleg\u00f3rico, 5 mil al segundo lugar.<\/p>\n\n\n\n<p>Ser\u00e1 premiado el mejor contingente con 3 mil pesos al primer lugar; y 2\nmil al segundo y en esta ocasi\u00f3n no habr\u00e1 terceros lugares.<\/p>\n\n\n\n<p>\u201cA diferencia del a\u00f1o pasado ahora le estamos apostando a un evento de\nmayor calidad, con mayor duraci\u00f3n y un mayor n\u00famero de participantes para lo\ncual estamos invitando a planteles educativos como son jardines de ni\u00f1os,\nescuelas primarias adem\u00e1s de grupos particulares.<\/p>\n\n\n\n<p>Ser\u00e1n invitadas unas comparsas del estado de Veracruz e Hidalgo.<\/p>\n\n\n\n<p>Al finalizar la actividad se estar\u00e1 desarrollando un baile con causa porque\nlo recaudado ser\u00e1 donado al Centro de Atenci\u00f3n M\u00faltiple de este este municipio.<\/p>\n\n\n\n<p>Ren\u00e9 de Jes\u00fas Hern\u00e1ndez Rivera, Director de Turismo en este municipio,\ndio a conocer que derivado del rotundo \u00e9xito que tuvo el Festival 2019, es inter\u00e9s\ndel alcalde que en el presente a\u00f1o se lleve a cabo nuevamente con la intenci\u00f3n\nde continuar atrayendo al turismo para activar la econom\u00eda de las familias\naxtlenses.<\/p>\n\n\n\n<p>El funcionario mencion\u00f3 que se estar\u00e1n involucrando la Direcci\u00f3n\nMunicipal de Seguridad P\u00fablica, Servicios Municipales, Protecci\u00f3n Civil,\nDepartamento de Salud y Turismo. &nbsp;&nbsp;&nbsp;<\/p>\n","protected":false},"excerpt":{"rendered":"<p>Axtla de Terrazas, S.L.P.- El Gobierno Municipal que preside el alcalde Jovanny de Jes\u00fas Ram\u00f3n Cruz a trav\u00e9s de la Direcci\u00f3n Municipal de Turismo llevan a cabo los preparativos para lo que ser\u00e1 el Carnaval 2020 en el&nbsp; que se contempla la participaci\u00f3n de poco m\u00e1s de 20 grupos para competir por los primeros lugares.&hellip; <a class=\"more-link\" href=\"https:\/\/www.zunoticia.com\/noticias-de-hidalgo\/2020\/03\/10\/el-3-de-abril-sera-el-carnaval-2020\/\">Seguir leyendo <span class=\"screen-reader-text\">El 3 de abril ser\u00e1 el Carnaval 2020<\/span><\/a><\/p>\n","protected":false},"author":12,"featured_media":335104,"comment_status":"open","ping_status":"open","sticky":false,"template":"","format":"standard","meta":{"rop_custom_images_group":[],"rop_custom_messages_group":[],"rop_publish_now":"initial","rop_publish_now_accounts":{"facebook_10159540855086992_322828327761733":""},"rop_publish_now_history":[],"rop_publish_now_status":"pending","footnotes":""},"categories":[1],"tags":[160],"class_list":["post-335150","post","type-post","status-publish","format-standard","has-post-thumbnail","hentry","category-sin-categoria","tag-axtla","entry"],"_links":{"self":[{"href":"https:\/\/www.zunoticia.com\/noticias-de-hidalgo\/wp-json\/wp\/v2\/posts\/335150","targetHints":{"allow":["GET"]}}],"collection":[{"href":"https:\/\/www.zunoticia.com\/noticias-de-hidalgo\/wp-json\/wp\/v2\/posts"}],"about":[{"href":"https:\/\/www.zunoticia.com\/noticias-de-hidalgo\/wp-json\/wp\/v2\/types\/post"}],"author":[{"embeddable":true,"href":"https:\/\/www.zunoticia.com\/noticias-de-hidalgo\/wp-json\/wp\/v2\/users\/12"}],"replies":[{"embeddable":true,"href":"https:\/\/www.zunoticia.com\/noticias-de-hidalgo\/wp-json\/wp\/v2\/comments?post=335150"}],"version-history":[{"count":0,"href":"https:\/\/www.zunoticia.com\/noticias-de-hidalgo\/wp-json\/wp\/v2\/posts\/335150\/revisions"}],"wp:featuredmedia":[{"embeddable":true,"href":"https:\/\/www.zunoticia.com\/noticias-de-hidalgo\/wp-json\/"}],"wp:attachment":[{"href":"https:\/\/www.zunoticia.com\/noticias-de-hidalgo\/wp-json\/wp\/v2\/media?parent=335150"}],"wp:term":[{"taxonomy":"category","embeddable":true,"href":"https:\/\/www.zunoticia.com\/noticias-de-hidalgo\/wp-json\/wp\/v2\/categories?post=335150"},{"taxonomy":"post_tag","embeddable":true,"href":"https:\/\/www.zunoticia.com\/noticias-de-hidalgo\/wp-json\/wp\/v2\/tags?post=335150"}],"curies":[{"name":"wp","href":"https:\/\/api.w.org\/{rel}","templated":true}]}}