{"id":335168,"date":"2020-03-10T21:52:12","date_gmt":"2020-03-11T03:52:12","guid":{"rendered":"http:\/\/www.zunoticia.com\/?p=335168"},"modified":"2020-03-10T21:52:12","modified_gmt":"2020-03-11T03:52:12","slug":"xilitla-dentro-del-programa-rutas-magicas-de-color","status":"publish","type":"post","link":"https:\/\/www.zunoticia.com\/noticias-de-hidalgo\/2020\/03\/10\/xilitla-dentro-del-programa-rutas-magicas-de-color\/","title":{"rendered":"Xilitla dentro del  programa \u201cRutas  M\u00e1gicas de Color\u201d"},"content":{"rendered":"<aside class=\"mashsb-container mashsb-main mashsb-stretched\"><div class=\"mashsb-box\"><div class=\"mashsb-count mash-large\" style=\"float:left\"><div class=\"counts mashsbcount\">0<\/div><span class=\"mashsb-sharetext\">SHARES<\/span><\/div><div class=\"mashsb-buttons\"><a class=\"mashicon-facebook mash-large mash-center mashsb-noshadow\" href=\"https:\/\/www.facebook.com\/sharer.php?u=https%3A%2F%2Fwww.zunoticia.com%2Fnoticias-de-hidalgo%2F2020%2F03%2F10%2Fxilitla-dentro-del-programa-rutas-magicas-de-color%2F\" target=\"_top\" rel=\"nofollow\"><span class=\"icon\"><\/span><span class=\"text\">Share<\/span><\/a><a class=\"mashicon-twitter mash-large mash-center mashsb-noshadow\" href=\"https:\/\/twitter.com\/intent\/tweet?text=&amp;url=https:\/\/www.zunoticia.com\/noticias-de-hidalgo\/2020\/03\/10\/xilitla-dentro-del-programa-rutas-magicas-de-color\/\" target=\"_top\" rel=\"nofollow\"><span class=\"icon\"><\/span><span class=\"text\">Tweet<\/span><\/a><div class=\"onoffswitch2 mash-large mashsb-noshadow\" style=\"display:none\"><\/div><\/div>\n            <\/div>\n                <div style=\"clear:both\"><\/div><div class=\"mashsb-toggle-container\"><\/div><\/aside>\n            <!-- Share buttons by mashshare.net - Version: 4.0.47-->\n<ul class=\"wp-block-list\"><li>Se contar\u00e1\ncon la visita y colaboraci\u00f3n de antrop\u00f3logos y artistas.<\/li><\/ul>\n\n\n\n<p>XILITLA,\nS.L.P.- El Pueblo M\u00e1gico de Xilitla est\u00e1 contemplado dentro del programa \u201cRutas\nM\u00e1gicas de Color\u201d, el cual consiste en la dignificaci\u00f3n de las fachadas\nmediante la creaci\u00f3n de una paleta de colores con base en los lineamientos de\npueblos m\u00e1gicos.<\/p>\n\n\n\n<p>\u201cLa intenci\u00f3n\nes crear murales, adem\u00e1s de una paleta de colores para enorgullecernos de\nnuestros pueblos, haciendo una dignificaci\u00f3n de las fachadas siguiendo los lineamientos\nde Pueblo M\u00e1gico y las historias y tradiciones que van a encontrar en cada uno\nde los Municipios\u201d, cit\u00f3 el alcalde.<\/p>\n\n\n\n<p>Para realizar\nlo anterior, se contar\u00e1 con la visita y colaboraci\u00f3n de antrop\u00f3logos y\nartistas, quienes estar\u00e1n conviviendo con los habitantes para sacar las ideas y\nla elaboraci\u00f3n de un proyecto que posteriormente le estar\u00e1n presentado a las\nautoridades de manera local. Despu\u00e9s de esa fase contin\u00faan con la pinta\ncolectiva de murales.<\/p>\n\n\n\n<p>Lo anterior,\nfue dado a conocer por el alcalde Mart\u00edn Eduardo Mart\u00ednez Morales, quien\ndetall\u00f3 que dentro del proyecto se contemplan los tres pueblos m\u00e1gicos de San\nLuis Potos\u00ed: Aquism\u00f3n, Real de Catorce y Xilitla.<\/p>\n\n\n\n<p>Lo anterior\nnaci\u00f3 del inter\u00e9s del Dr. Juan Manuel Carreras, Gobernador de San Lu\u00eds Potos\u00ed,\ny del Secretario Estatal de Turismo, Arturo Esper, a trav\u00e9s de las fundaciones\n\u201cCoraz\u00f3n Humano\u201d y \u201cM\u00e9xico Bien Hecho\u201d, las cuales reciben recursos econ\u00f3micos\nde organizaciones, mediante lo cual se cre\u00f3 el programa denominado \u201cRutas M\u00e1gicas\ndel Color\u201d.<\/p>\n\n\n\n<p>El proyecto\nestar\u00e1 siendo desarrollado en tres etapas, explic\u00f3 el alcalde, y la primera\nconsiste en la planeaci\u00f3n y socializaci\u00f3n.<\/p>\n","protected":false},"excerpt":{"rendered":"<p>Se contar\u00e1 con la visita y colaboraci\u00f3n de antrop\u00f3logos y artistas. XILITLA, S.L.P.- El Pueblo M\u00e1gico de Xilitla est\u00e1 contemplado dentro del programa \u201cRutas M\u00e1gicas de Color\u201d, el cual consiste en la dignificaci\u00f3n de las fachadas mediante la creaci\u00f3n de una paleta de colores con base en los lineamientos de pueblos m\u00e1gicos. \u201cLa intenci\u00f3n es&hellip; <a class=\"more-link\" href=\"https:\/\/www.zunoticia.com\/noticias-de-hidalgo\/2020\/03\/10\/xilitla-dentro-del-programa-rutas-magicas-de-color\/\">Seguir leyendo <span class=\"screen-reader-text\">Xilitla dentro del  programa \u201cRutas  M\u00e1gicas de Color\u201d<\/span><\/a><\/p>\n","protected":false},"author":12,"featured_media":335169,"comment_status":"open","ping_status":"open","sticky":false,"template":"","format":"standard","meta":{"rop_custom_images_group":[],"rop_custom_messages_group":[],"rop_publish_now":"initial","rop_publish_now_accounts":{"facebook_10159540855086992_322828327761733":""},"rop_publish_now_history":[],"rop_publish_now_status":"pending","footnotes":""},"categories":[1],"tags":[165],"class_list":["post-335168","post","type-post","status-publish","format-standard","has-post-thumbnail","hentry","category-sin-categoria","tag-xilitla","entry"],"_links":{"self":[{"href":"https:\/\/www.zunoticia.com\/noticias-de-hidalgo\/wp-json\/wp\/v2\/posts\/335168","targetHints":{"allow":["GET"]}}],"collection":[{"href":"https:\/\/www.zunoticia.com\/noticias-de-hidalgo\/wp-json\/wp\/v2\/posts"}],"about":[{"href":"https:\/\/www.zunoticia.com\/noticias-de-hidalgo\/wp-json\/wp\/v2\/types\/post"}],"author":[{"embeddable":true,"href":"https:\/\/www.zunoticia.com\/noticias-de-hidalgo\/wp-json\/wp\/v2\/users\/12"}],"replies":[{"embeddable":true,"href":"https:\/\/www.zunoticia.com\/noticias-de-hidalgo\/wp-json\/wp\/v2\/comments?post=335168"}],"version-history":[{"count":0,"href":"https:\/\/www.zunoticia.com\/noticias-de-hidalgo\/wp-json\/wp\/v2\/posts\/335168\/revisions"}],"wp:featuredmedia":[{"embeddable":true,"href":"https:\/\/www.zunoticia.com\/noticias-de-hidalgo\/wp-json\/"}],"wp:attachment":[{"href":"https:\/\/www.zunoticia.com\/noticias-de-hidalgo\/wp-json\/wp\/v2\/media?parent=335168"}],"wp:term":[{"taxonomy":"category","embeddable":true,"href":"https:\/\/www.zunoticia.com\/noticias-de-hidalgo\/wp-json\/wp\/v2\/categories?post=335168"},{"taxonomy":"post_tag","embeddable":true,"href":"https:\/\/www.zunoticia.com\/noticias-de-hidalgo\/wp-json\/wp\/v2\/tags?post=335168"}],"curies":[{"name":"wp","href":"https:\/\/api.w.org\/{rel}","templated":true}]}}