{"id":335443,"date":"2020-03-11T22:55:14","date_gmt":"2020-03-12T04:55:14","guid":{"rendered":"http:\/\/www.zunoticia.com\/?p=335443"},"modified":"2020-03-11T22:55:14","modified_gmt":"2020-03-12T04:55:14","slug":"instituto-de-la-juventud-brinda-platicas-contra-la-violencia","status":"publish","type":"post","link":"https:\/\/www.zunoticia.com\/noticias-de-hidalgo\/2020\/03\/11\/instituto-de-la-juventud-brinda-platicas-contra-la-violencia\/","title":{"rendered":"Instituto de la  Juventud brinda  pl\u00e1ticas contra  la violencia"},"content":{"rendered":"<aside class=\"mashsb-container mashsb-main mashsb-stretched\"><div class=\"mashsb-box\"><div class=\"mashsb-count mash-large\" style=\"float:left\"><div class=\"counts mashsbcount\">0<\/div><span class=\"mashsb-sharetext\">SHARES<\/span><\/div><div class=\"mashsb-buttons\"><a class=\"mashicon-facebook mash-large mash-center mashsb-noshadow\" href=\"https:\/\/www.facebook.com\/sharer.php?u=https%3A%2F%2Fwww.zunoticia.com%2Fnoticias-de-hidalgo%2F2020%2F03%2F11%2Finstituto-de-la-juventud-brinda-platicas-contra-la-violencia%2F\" target=\"_top\" rel=\"nofollow\"><span class=\"icon\"><\/span><span class=\"text\">Share<\/span><\/a><a class=\"mashicon-twitter mash-large mash-center mashsb-noshadow\" href=\"https:\/\/twitter.com\/intent\/tweet?text=&amp;url=https:\/\/www.zunoticia.com\/noticias-de-hidalgo\/2020\/03\/11\/instituto-de-la-juventud-brinda-platicas-contra-la-violencia\/\" target=\"_top\" rel=\"nofollow\"><span class=\"icon\"><\/span><span class=\"text\">Tweet<\/span><\/a><div class=\"onoffswitch2 mash-large mashsb-noshadow\" style=\"display:none\"><\/div><\/div>\n            <\/div>\n                <div style=\"clear:both\"><\/div><div class=\"mashsb-toggle-container\"><\/div><\/aside>\n            <!-- Share buttons by mashshare.net - Version: 4.0.47-->\n<p>La intenci\u00f3n es erradicar esta problem\u00e1tica que aqueja a los\nadolescentes en sus hogares y el noviazgo<\/p>\n\n\n\n<p>Georgina Jaramillo<\/p>\n\n\n\n<p>Axtla de Terrazas, S.L.P.- La Coordinaci\u00f3n Municipal del Instituto de\nla Juventud est\u00e1 llevando pl\u00e1ticas de concientizaci\u00f3n sobre la violencia dirigidas\na los alumnos en los planteles educativos con la intenci\u00f3n de erradicar esta\nproblem\u00e1tica que aqueja a los adolescentes en sus hogares y el noviazgo.<\/p>\n\n\n\n<p>Sergio Jes\u00fas Arguelles Ortega, responsable del \u00e1rea en menci\u00f3n coment\u00f3 \u201cLa problem\u00e1tica se\nmanifiesta especialmente entre estudiantes de secundaria de ni\u00f1as a ni\u00f1os y\nviceversa\u201d.<\/p>\n\n\n\n<p>Dijo que se trabaja con distintos temas y son la violencia familiar y en\nel noviazgo, est\u00e1 \u00faltima, mencion\u00f3 es una de las principales problem\u00e1ticas que\nviven los adolescentes e incluso se registran hasta agresiones f\u00edsicas entre\nellos.<\/p>\n\n\n\n<p>La forma de detectarlo es mediante encuestas aplicada a los j\u00f3venes\ndescubriendo que todo se deriva de la violencia que viven en sus domicilios y\nlo cual los j\u00f3venes lo manifiestan mediante la&nbsp;&nbsp;\nagresi\u00f3n hacia su compa\u00f1era o compa\u00f1ero, dijo.<\/p>\n\n\n\n<p>El funcionario neg\u00f3 que hasta este momento no exista alg\u00fan tipo de\ndenuncias de este tipo de casos y para erradicar este tipo de situaciones \u201cse\ntrabaja en coordinaci\u00f3n con las \u00e1reas correspondientes del Sistema Municipal\npara el Desarrollo Integral de la Familia, como son el \u00e1rea de psicolog\u00eda,\ntrabajo social y salud\u201d.<\/p>\n\n\n\n<p>El representante de los j\u00f3venes, recomend\u00f3 a los j\u00f3venes a vivir una\nvida sana porque son el futuro, que contin\u00faen estudiando, que no trunquen sus\nsue\u00f1os y ser grandes profesionista.<\/p>\n","protected":false},"excerpt":{"rendered":"<p>La intenci\u00f3n es erradicar esta problem\u00e1tica que aqueja a los adolescentes en sus hogares y el noviazgo Georgina Jaramillo Axtla de Terrazas, S.L.P.- La Coordinaci\u00f3n Municipal del Instituto de la Juventud est\u00e1 llevando pl\u00e1ticas de concientizaci\u00f3n sobre la violencia dirigidas a los alumnos en los planteles educativos con la intenci\u00f3n de erradicar esta problem\u00e1tica que&hellip; <a class=\"more-link\" href=\"https:\/\/www.zunoticia.com\/noticias-de-hidalgo\/2020\/03\/11\/instituto-de-la-juventud-brinda-platicas-contra-la-violencia\/\">Seguir leyendo <span class=\"screen-reader-text\">Instituto de la  Juventud brinda  pl\u00e1ticas contra  la violencia<\/span><\/a><\/p>\n","protected":false},"author":12,"featured_media":335446,"comment_status":"open","ping_status":"open","sticky":false,"template":"","format":"standard","meta":{"rop_custom_images_group":[],"rop_custom_messages_group":[],"rop_publish_now":"initial","rop_publish_now_accounts":{"facebook_10159540855086992_322828327761733":""},"rop_publish_now_history":[],"rop_publish_now_status":"pending","footnotes":""},"categories":[1],"tags":[160],"class_list":["post-335443","post","type-post","status-publish","format-standard","has-post-thumbnail","hentry","category-sin-categoria","tag-axtla","entry"],"_links":{"self":[{"href":"https:\/\/www.zunoticia.com\/noticias-de-hidalgo\/wp-json\/wp\/v2\/posts\/335443","targetHints":{"allow":["GET"]}}],"collection":[{"href":"https:\/\/www.zunoticia.com\/noticias-de-hidalgo\/wp-json\/wp\/v2\/posts"}],"about":[{"href":"https:\/\/www.zunoticia.com\/noticias-de-hidalgo\/wp-json\/wp\/v2\/types\/post"}],"author":[{"embeddable":true,"href":"https:\/\/www.zunoticia.com\/noticias-de-hidalgo\/wp-json\/wp\/v2\/users\/12"}],"replies":[{"embeddable":true,"href":"https:\/\/www.zunoticia.com\/noticias-de-hidalgo\/wp-json\/wp\/v2\/comments?post=335443"}],"version-history":[{"count":0,"href":"https:\/\/www.zunoticia.com\/noticias-de-hidalgo\/wp-json\/wp\/v2\/posts\/335443\/revisions"}],"wp:featuredmedia":[{"embeddable":true,"href":"https:\/\/www.zunoticia.com\/noticias-de-hidalgo\/wp-json\/"}],"wp:attachment":[{"href":"https:\/\/www.zunoticia.com\/noticias-de-hidalgo\/wp-json\/wp\/v2\/media?parent=335443"}],"wp:term":[{"taxonomy":"category","embeddable":true,"href":"https:\/\/www.zunoticia.com\/noticias-de-hidalgo\/wp-json\/wp\/v2\/categories?post=335443"},{"taxonomy":"post_tag","embeddable":true,"href":"https:\/\/www.zunoticia.com\/noticias-de-hidalgo\/wp-json\/wp\/v2\/tags?post=335443"}],"curies":[{"name":"wp","href":"https:\/\/api.w.org\/{rel}","templated":true}]}}