{"id":335461,"date":"2020-03-11T22:56:33","date_gmt":"2020-03-12T04:56:33","guid":{"rendered":"http:\/\/www.zunoticia.com\/?p=335461"},"modified":"2020-03-11T22:56:33","modified_gmt":"2020-03-12T04:56:33","slug":"los-jacarandosos-se-presentaran-en-guanajuato-el-14-y-15-de-marzo","status":"publish","type":"post","link":"https:\/\/www.zunoticia.com\/noticias-de-hidalgo\/2020\/03\/11\/los-jacarandosos-se-presentaran-en-guanajuato-el-14-y-15-de-marzo\/","title":{"rendered":"\u201cLos Jacarandosos\u201d se presentar\u00e1n  en Guanajuato el 14 y 15 de marzo"},"content":{"rendered":"<aside class=\"mashsb-container mashsb-main mashsb-stretched\"><div class=\"mashsb-box\"><div class=\"mashsb-count mash-large\" style=\"float:left\"><div class=\"counts mashsbcount\">0<\/div><span class=\"mashsb-sharetext\">SHARES<\/span><\/div><div class=\"mashsb-buttons\"><a class=\"mashicon-facebook mash-large mash-center mashsb-noshadow\" href=\"https:\/\/www.facebook.com\/sharer.php?u=https%3A%2F%2Fwww.zunoticia.com%2Fnoticias-de-hidalgo%2F2020%2F03%2F11%2Flos-jacarandosos-se-presentaran-en-guanajuato-el-14-y-15-de-marzo%2F\" target=\"_top\" rel=\"nofollow\"><span class=\"icon\"><\/span><span class=\"text\">Share<\/span><\/a><a class=\"mashicon-twitter mash-large mash-center mashsb-noshadow\" href=\"https:\/\/twitter.com\/intent\/tweet?text=&amp;url=https:\/\/www.zunoticia.com\/noticias-de-hidalgo\/2020\/03\/11\/los-jacarandosos-se-presentaran-en-guanajuato-el-14-y-15-de-marzo\/\" target=\"_top\" rel=\"nofollow\"><span class=\"icon\"><\/span><span class=\"text\">Tweet<\/span><\/a><div class=\"onoffswitch2 mash-large mashsb-noshadow\" style=\"display:none\"><\/div><\/div>\n            <\/div>\n                <div style=\"clear:both\"><\/div><div class=\"mashsb-toggle-container\"><\/div><\/aside>\n            <!-- Share buttons by mashshare.net - Version: 4.0.47-->\n<p>Axtla de Terrazas, S.L.P.- Integrantes de la Comparsa \u201cLos\nJacarandosos\u201d de este municipio estar\u00e1n&nbsp;&nbsp;\npresent\u00e1ndose los d\u00edas 14 y 15 de marzo en Comonfort Guanajuato como\nparte de una intensa gira de trabajo del presente mes de marzo.<\/p>\n\n\n\n<p>Ser\u00e1 en la Plaza C\u00edvica \u201cDr. Mora\u201d en donde los artistas huastecos\nest\u00e9n haciendo gala de su colorida vestimenta.<\/p>\n\n\n\n<p>Se trata de una de las comparsas m\u00e1s importantes de la zona huasteca,\noriginaria de Axtla de Terrazas, creada aproximadamente en el 2010 e integrada\npor hombres y mujeres quienes gracias al intenso esfuerzo, disciplina y amor\npor lo que hacen, han logrado posicionarse tanto a nivel nacional, estatal y\nregional.<\/p>\n\n\n\n<p>Est\u00e1 compuesta por 40 personas, pero en las presentaciones solo\nparticipan 18 integrantes debido a lo complicado del traslado o los vi\u00e1ticos econ\u00f3micos\npara poder hacerlo.<\/p>\n\n\n\n<p>Sin embargo, lo anterior, no los ha limitado para continuar trabajando\nen el rescate y permanencia de su cultura y tradiciones, lo que los ha llevado\na posicionarse a otro nivel.<\/p>\n\n\n\n<p>Juan Serrano M\u00e9ndez, representante del grupo dijo que han participado en\ntodos los concursos a nivel regional, logrando obtener en la mayor\u00eda de sus\npresentaciones los primeros lugares.<\/p>\n\n\n\n<p>Anunci\u00f3 que los d\u00edas 21 y 22 de marzo se estar\u00e1n presentado en Puebla y\nel 29 del mismo mes en Tlaxcala y est\u00e1n por definir Huejutla Hidalgo.<\/p>\n","protected":false},"excerpt":{"rendered":"<p>Axtla de Terrazas, S.L.P.- Integrantes de la Comparsa \u201cLos Jacarandosos\u201d de este municipio estar\u00e1n&nbsp;&nbsp; present\u00e1ndose los d\u00edas 14 y 15 de marzo en Comonfort Guanajuato como parte de una intensa gira de trabajo del presente mes de marzo. Ser\u00e1 en la Plaza C\u00edvica \u201cDr. Mora\u201d en donde los artistas huastecos est\u00e9n haciendo gala de su&hellip; <a class=\"more-link\" href=\"https:\/\/www.zunoticia.com\/noticias-de-hidalgo\/2020\/03\/11\/los-jacarandosos-se-presentaran-en-guanajuato-el-14-y-15-de-marzo\/\">Seguir leyendo <span class=\"screen-reader-text\">\u201cLos Jacarandosos\u201d se presentar\u00e1n  en Guanajuato el 14 y 15 de marzo<\/span><\/a><\/p>\n","protected":false},"author":12,"featured_media":335448,"comment_status":"open","ping_status":"open","sticky":false,"template":"","format":"standard","meta":{"rop_custom_images_group":[],"rop_custom_messages_group":[],"rop_publish_now":"initial","rop_publish_now_accounts":{"facebook_10159540855086992_322828327761733":""},"rop_publish_now_history":[],"rop_publish_now_status":"pending","footnotes":""},"categories":[1],"tags":[160],"class_list":["post-335461","post","type-post","status-publish","format-standard","has-post-thumbnail","hentry","category-sin-categoria","tag-axtla","entry"],"_links":{"self":[{"href":"https:\/\/www.zunoticia.com\/noticias-de-hidalgo\/wp-json\/wp\/v2\/posts\/335461","targetHints":{"allow":["GET"]}}],"collection":[{"href":"https:\/\/www.zunoticia.com\/noticias-de-hidalgo\/wp-json\/wp\/v2\/posts"}],"about":[{"href":"https:\/\/www.zunoticia.com\/noticias-de-hidalgo\/wp-json\/wp\/v2\/types\/post"}],"author":[{"embeddable":true,"href":"https:\/\/www.zunoticia.com\/noticias-de-hidalgo\/wp-json\/wp\/v2\/users\/12"}],"replies":[{"embeddable":true,"href":"https:\/\/www.zunoticia.com\/noticias-de-hidalgo\/wp-json\/wp\/v2\/comments?post=335461"}],"version-history":[{"count":0,"href":"https:\/\/www.zunoticia.com\/noticias-de-hidalgo\/wp-json\/wp\/v2\/posts\/335461\/revisions"}],"wp:featuredmedia":[{"embeddable":true,"href":"https:\/\/www.zunoticia.com\/noticias-de-hidalgo\/wp-json\/"}],"wp:attachment":[{"href":"https:\/\/www.zunoticia.com\/noticias-de-hidalgo\/wp-json\/wp\/v2\/media?parent=335461"}],"wp:term":[{"taxonomy":"category","embeddable":true,"href":"https:\/\/www.zunoticia.com\/noticias-de-hidalgo\/wp-json\/wp\/v2\/categories?post=335461"},{"taxonomy":"post_tag","embeddable":true,"href":"https:\/\/www.zunoticia.com\/noticias-de-hidalgo\/wp-json\/wp\/v2\/tags?post=335461"}],"curies":[{"name":"wp","href":"https:\/\/api.w.org\/{rel}","templated":true}]}}