{"id":335478,"date":"2020-03-11T23:02:34","date_gmt":"2020-03-12T05:02:34","guid":{"rendered":"http:\/\/www.zunoticia.com\/?p=335478"},"modified":"2020-03-11T23:02:34","modified_gmt":"2020-03-12T05:02:34","slug":"mujeres-fueron-reconocidas-y-valoradas-por-el-dif","status":"publish","type":"post","link":"https:\/\/www.zunoticia.com\/noticias-de-hidalgo\/2020\/03\/11\/mujeres-fueron-reconocidas-y-valoradas-por-el-dif\/","title":{"rendered":"Mujeres fueron  reconocidas  y  valoradas por el DIF"},"content":{"rendered":"<aside class=\"mashsb-container mashsb-main mashsb-stretched\"><div class=\"mashsb-box\"><div class=\"mashsb-count mash-large\" style=\"float:left\"><div class=\"counts mashsbcount\">0<\/div><span class=\"mashsb-sharetext\">SHARES<\/span><\/div><div class=\"mashsb-buttons\"><a class=\"mashicon-facebook mash-large mash-center mashsb-noshadow\" href=\"https:\/\/www.facebook.com\/sharer.php?u=https%3A%2F%2Fwww.zunoticia.com%2Fnoticias-de-hidalgo%2F2020%2F03%2F11%2Fmujeres-fueron-reconocidas-y-valoradas-por-el-dif%2F\" target=\"_top\" rel=\"nofollow\"><span class=\"icon\"><\/span><span class=\"text\">Share<\/span><\/a><a class=\"mashicon-twitter mash-large mash-center mashsb-noshadow\" href=\"https:\/\/twitter.com\/intent\/tweet?text=&amp;url=https:\/\/www.zunoticia.com\/noticias-de-hidalgo\/2020\/03\/11\/mujeres-fueron-reconocidas-y-valoradas-por-el-dif\/\" target=\"_top\" rel=\"nofollow\"><span class=\"icon\"><\/span><span class=\"text\">Tweet<\/span><\/a><div class=\"onoffswitch2 mash-large mashsb-noshadow\" style=\"display:none\"><\/div><\/div>\n            <\/div>\n                <div style=\"clear:both\"><\/div><div class=\"mashsb-toggle-container\"><\/div><\/aside>\n            <!-- Share buttons by mashshare.net - Version: 4.0.47-->\n<ul class=\"wp-block-list\"><li>\u201cComo mujeres queremos hacernos notar hoy a\ntrav\u00e9s de una sonrisa\u201d.<\/li><\/ul>\n\n\n\n<p>Xilitla, S.L.P.- Con la visi\u00f3n de\nfortalecer el valor de las mujeres en el \u00e1mbito laboral, social y dentro del\nv\u00ednculo familiar, X\u00f3chitl Deyanira Herrera Gama, presidenta de SMDIF, realiz\u00f3\nun evento denominado \u201cEntre mujeres celebrando la feminidad, el amor, creaci\u00f3n\ny gratitud\u201d, con el prop\u00f3sito de rescatar los valores que se han ido perdiendo\ncon el paso de los a\u00f1os.<\/p>\n\n\n\n<p>\u201cComo mujeres queremos hacernos\nnotar hoy a trav\u00e9s de una sonrisa\u201d, dijo, no obstante, indic\u00f3 que esta\nactividad tiene como intenci\u00f3n aplaudir a las mujeres, brind\u00e1ndoles un espacio\npara su cuidado personal, para ello, se acondicionaron espacios como un sal\u00f3n de\nbelleza, \u00e1rea de masajes antiestr\u00e9s, zumba, juegos de mesa, cafeter\u00eda,\nbocadillos y la actuaci\u00f3n de un payaso, disfrutando momentos de satisfacci\u00f3n y\nalgarab\u00eda.<\/p>\n\n\n\n<p>En su participaci\u00f3n, Herrera\nGama, presidenta del SMDIF, destac\u00f3 la importancia que representa la\nintervenci\u00f3n de las mujeres dentro de la sociedad, expresando que \u201cson tiempos\npara reflexionar y hacer una evaluaci\u00f3n de las condiciones en que vivimos como\nmujeres\u201d, subrayando que la mejor manifestaci\u00f3n debe estar encaminada al\nmejoramiento de nuestros hogares y del lugar donde vivimos.<\/p>\n\n\n\n<p>\u201cEsta ser\u00e1 nuestra forma de\nmanifestarnos, unidas con un mismo fin, cuid\u00e1ndonos y respet\u00e1ndonos entre\nnosotras, sin olvidarnos de la importancia que representamos ante la sociedad,\nrecordando que somos madres, hijas, trabajadoras, amas de casa, verdaderas\nguerreras, que a diario, sin descanso, tenemos que levantarnos erguidas con la\nfrente en alto, para demostrar al mundo lo que representamos.<\/p>\n","protected":false},"excerpt":{"rendered":"<p>\u201cComo mujeres queremos hacernos notar hoy a trav\u00e9s de una sonrisa\u201d. Xilitla, S.L.P.- Con la visi\u00f3n de fortalecer el valor de las mujeres en el \u00e1mbito laboral, social y dentro del v\u00ednculo familiar, X\u00f3chitl Deyanira Herrera Gama, presidenta de SMDIF, realiz\u00f3 un evento denominado \u201cEntre mujeres celebrando la feminidad, el amor, creaci\u00f3n y gratitud\u201d, con&hellip; <a class=\"more-link\" href=\"https:\/\/www.zunoticia.com\/noticias-de-hidalgo\/2020\/03\/11\/mujeres-fueron-reconocidas-y-valoradas-por-el-dif\/\">Seguir leyendo <span class=\"screen-reader-text\">Mujeres fueron  reconocidas  y  valoradas por el DIF<\/span><\/a><\/p>\n","protected":false},"author":12,"featured_media":335456,"comment_status":"open","ping_status":"open","sticky":false,"template":"","format":"standard","meta":{"rop_custom_images_group":[],"rop_custom_messages_group":[],"rop_publish_now":"initial","rop_publish_now_accounts":{"facebook_10159540855086992_322828327761733":""},"rop_publish_now_history":[],"rop_publish_now_status":"pending","footnotes":""},"categories":[1],"tags":[165],"class_list":["post-335478","post","type-post","status-publish","format-standard","has-post-thumbnail","hentry","category-sin-categoria","tag-xilitla","entry"],"_links":{"self":[{"href":"https:\/\/www.zunoticia.com\/noticias-de-hidalgo\/wp-json\/wp\/v2\/posts\/335478","targetHints":{"allow":["GET"]}}],"collection":[{"href":"https:\/\/www.zunoticia.com\/noticias-de-hidalgo\/wp-json\/wp\/v2\/posts"}],"about":[{"href":"https:\/\/www.zunoticia.com\/noticias-de-hidalgo\/wp-json\/wp\/v2\/types\/post"}],"author":[{"embeddable":true,"href":"https:\/\/www.zunoticia.com\/noticias-de-hidalgo\/wp-json\/wp\/v2\/users\/12"}],"replies":[{"embeddable":true,"href":"https:\/\/www.zunoticia.com\/noticias-de-hidalgo\/wp-json\/wp\/v2\/comments?post=335478"}],"version-history":[{"count":0,"href":"https:\/\/www.zunoticia.com\/noticias-de-hidalgo\/wp-json\/wp\/v2\/posts\/335478\/revisions"}],"wp:featuredmedia":[{"embeddable":true,"href":"https:\/\/www.zunoticia.com\/noticias-de-hidalgo\/wp-json\/"}],"wp:attachment":[{"href":"https:\/\/www.zunoticia.com\/noticias-de-hidalgo\/wp-json\/wp\/v2\/media?parent=335478"}],"wp:term":[{"taxonomy":"category","embeddable":true,"href":"https:\/\/www.zunoticia.com\/noticias-de-hidalgo\/wp-json\/wp\/v2\/categories?post=335478"},{"taxonomy":"post_tag","embeddable":true,"href":"https:\/\/www.zunoticia.com\/noticias-de-hidalgo\/wp-json\/wp\/v2\/tags?post=335478"}],"curies":[{"name":"wp","href":"https:\/\/api.w.org\/{rel}","templated":true}]}}