{"id":335801,"date":"2020-03-13T00:18:10","date_gmt":"2020-03-13T06:18:10","guid":{"rendered":"http:\/\/www.zunoticia.com\/?p=335801"},"modified":"2020-03-13T00:18:10","modified_gmt":"2020-03-13T06:18:10","slug":"fue-integrado-el-patronato-municipal-de-la-cruz-roja","status":"publish","type":"post","link":"https:\/\/www.zunoticia.com\/noticias-de-hidalgo\/2020\/03\/13\/fue-integrado-el-patronato-municipal-de-la-cruz-roja\/","title":{"rendered":"Fue integrado el Patronato  Municipal de la Cruz Roja"},"content":{"rendered":"<aside class=\"mashsb-container mashsb-main mashsb-stretched\"><div class=\"mashsb-box\"><div class=\"mashsb-count mash-large\" style=\"float:left\"><div class=\"counts mashsbcount\">0<\/div><span class=\"mashsb-sharetext\">SHARES<\/span><\/div><div class=\"mashsb-buttons\"><a class=\"mashicon-facebook mash-large mash-center mashsb-noshadow\" href=\"https:\/\/www.facebook.com\/sharer.php?u=https%3A%2F%2Fwww.zunoticia.com%2Fnoticias-de-hidalgo%2F2020%2F03%2F13%2Ffue-integrado-el-patronato-municipal-de-la-cruz-roja%2F\" target=\"_top\" rel=\"nofollow\"><span class=\"icon\"><\/span><span class=\"text\">Share<\/span><\/a><a class=\"mashicon-twitter mash-large mash-center mashsb-noshadow\" href=\"https:\/\/twitter.com\/intent\/tweet?text=&amp;url=https:\/\/www.zunoticia.com\/noticias-de-hidalgo\/2020\/03\/13\/fue-integrado-el-patronato-municipal-de-la-cruz-roja\/\" target=\"_top\" rel=\"nofollow\"><span class=\"icon\"><\/span><span class=\"text\">Tweet<\/span><\/a><div class=\"onoffswitch2 mash-large mashsb-noshadow\" style=\"display:none\"><\/div><\/div>\n            <\/div>\n                <div style=\"clear:both\"><\/div><div class=\"mashsb-toggle-container\"><\/div><\/aside>\n            <!-- Share buttons by mashshare.net - Version: 4.0.47-->\n<ul class=\"wp-block-list\"><li>Se dar\u00e1 inicio con los\ntrabajos que tienen que ver con todo lo relacionado a la ceraci\u00f3n de la base de\nla Cruz Roja.<\/li><\/ul>\n\n\n\n<p>XILITLA, S.L.P.- Integran el\nnuevo Patronato de la Cruz Roja en Xilitla, el cual ya le fue presentado al\nalcalde Mart\u00edn Eduardo Mart\u00ednez Morales, por el Delegado Estatal de la Cruz\nRoja, Jes\u00fas Ernesto de la Maza Jim\u00e9nez. <\/p>\n\n\n\n<p>Dicho patronato qued\u00f3\nconformado por la Presidenta Alejandra Fern\u00e1ndez Gonz\u00e1lez, como Secretario el\nDr. Jorge Castillo Wong, y como Tesorera Erika Piedfordt, Primer vocal Carlos Edmundo\nCortez Zorrilla, Segundo vocal Alejandra Jonguitud Pozos y Tercer Vocal Jes\u00fas\nG\u00f3mez.<\/p>\n\n\n\n<p>La ma\u00f1ana de ayer, jueves, el\nDelegado Estatal de la Cruz Roja, Jes\u00fas Ernesto de la Maza Jim\u00e9nez, en compa\u00f1\u00eda\nde Rebeca Ter\u00e1n Guevara, ex diputada federal, visit\u00f3 el Pueblo M\u00e1gico, sosteniendo\nun encuentro con los integrantes del Patronato en el domicilio particular de la\ntesorera, en donde permaneci\u00f3 por algunas horas para posteriormente trasladarse\na las oficinas de la alcald\u00eda donde sostendr\u00eda un encuentro con el alcalde\nMart\u00edn Eduardo Mart\u00ednez Morales, lugar en el que de la Maza Jim\u00e9nez le present\u00f3\na los nuevos integrantes del Patronato.<\/p>\n\n\n\n<p>En entrevista para Zunoticia\nDigital, dijo: \u201cel objetivo principal es retomar lo que hace a\u00f1os existi\u00f3, lo\nque fue la Cruz Roja Mexicana aqu\u00ed en Xilitla, por lo que vamos a tratar\nnuevamente de ver todas las posibilidades, si es necesario para que podamos\noperar otra Delegaci\u00f3n\u201d.<\/p>\n\n\n\n<p>De la Maza Jim\u00e9nez dijo que el\npatronato da inicio de manera formal a partir de ayer, jueves 12 de marzo, y se\ndar\u00e1 inicio con los trabajos que tienen que ver con todo lo relacionado a la\nceraci\u00f3n de la base de la Cruz Roja, adem\u00e1s de manifestar que Rebeca Ter\u00e1n tambi\u00e9n\nforma parte del Patronato Local.<\/p>\n\n\n\n<p>El responsable de la Cruz Roja\nMexicana en el Estado destac\u00f3 que el trabajo en favor de la creaci\u00f3n de la\nDelegaci\u00f3n Municipal no es nuevo.<\/p>\n\n\n\n<p>Agreg\u00f3 que los trabajos ser\u00e1n\nbajo una normativa y se trata de un trabajo de campo, de relaciones, de\natenci\u00f3n hacia los diferentes sectores de la poblaci\u00f3n para que vayan viendo y\ntomando conciencia de que una Cruz Roja requiere del apoyo de la ciudadan\u00eda\npara poder realmente logar el objetivo.<\/p>\n","protected":false},"excerpt":{"rendered":"<p>Se dar\u00e1 inicio con los trabajos que tienen que ver con todo lo relacionado a la ceraci\u00f3n de la base de la Cruz Roja. XILITLA, S.L.P.- Integran el nuevo Patronato de la Cruz Roja en Xilitla, el cual ya le fue presentado al alcalde Mart\u00edn Eduardo Mart\u00ednez Morales, por el Delegado Estatal de la Cruz&hellip; <a class=\"more-link\" href=\"https:\/\/www.zunoticia.com\/noticias-de-hidalgo\/2020\/03\/13\/fue-integrado-el-patronato-municipal-de-la-cruz-roja\/\">Seguir leyendo <span class=\"screen-reader-text\">Fue integrado el Patronato  Municipal de la Cruz Roja<\/span><\/a><\/p>\n","protected":false},"author":12,"featured_media":335741,"comment_status":"open","ping_status":"open","sticky":false,"template":"","format":"standard","meta":{"rop_custom_images_group":[],"rop_custom_messages_group":[],"rop_publish_now":"initial","rop_publish_now_accounts":{"facebook_10159540855086992_322828327761733":""},"rop_publish_now_history":[],"rop_publish_now_status":"pending","footnotes":""},"categories":[1],"tags":[165],"class_list":["post-335801","post","type-post","status-publish","format-standard","has-post-thumbnail","hentry","category-sin-categoria","tag-xilitla","entry"],"_links":{"self":[{"href":"https:\/\/www.zunoticia.com\/noticias-de-hidalgo\/wp-json\/wp\/v2\/posts\/335801","targetHints":{"allow":["GET"]}}],"collection":[{"href":"https:\/\/www.zunoticia.com\/noticias-de-hidalgo\/wp-json\/wp\/v2\/posts"}],"about":[{"href":"https:\/\/www.zunoticia.com\/noticias-de-hidalgo\/wp-json\/wp\/v2\/types\/post"}],"author":[{"embeddable":true,"href":"https:\/\/www.zunoticia.com\/noticias-de-hidalgo\/wp-json\/wp\/v2\/users\/12"}],"replies":[{"embeddable":true,"href":"https:\/\/www.zunoticia.com\/noticias-de-hidalgo\/wp-json\/wp\/v2\/comments?post=335801"}],"version-history":[{"count":0,"href":"https:\/\/www.zunoticia.com\/noticias-de-hidalgo\/wp-json\/wp\/v2\/posts\/335801\/revisions"}],"wp:featuredmedia":[{"embeddable":true,"href":"https:\/\/www.zunoticia.com\/noticias-de-hidalgo\/wp-json\/"}],"wp:attachment":[{"href":"https:\/\/www.zunoticia.com\/noticias-de-hidalgo\/wp-json\/wp\/v2\/media?parent=335801"}],"wp:term":[{"taxonomy":"category","embeddable":true,"href":"https:\/\/www.zunoticia.com\/noticias-de-hidalgo\/wp-json\/wp\/v2\/categories?post=335801"},{"taxonomy":"post_tag","embeddable":true,"href":"https:\/\/www.zunoticia.com\/noticias-de-hidalgo\/wp-json\/wp\/v2\/tags?post=335801"}],"curies":[{"name":"wp","href":"https:\/\/api.w.org\/{rel}","templated":true}]}}