{"id":337095,"date":"2020-03-19T00:28:19","date_gmt":"2020-03-19T06:28:19","guid":{"rendered":"http:\/\/www.zunoticia.com\/?p=337095"},"modified":"2020-03-19T00:28:19","modified_gmt":"2020-03-19T06:28:19","slug":"choferes-del-transporte-publico-desestiman-la-situacion-que-se-vive-por-el-coronavirus","status":"publish","type":"post","link":"https:\/\/www.zunoticia.com\/noticias-de-hidalgo\/2020\/03\/19\/choferes-del-transporte-publico-desestiman-la-situacion-que-se-vive-por-el-coronavirus\/","title":{"rendered":"Choferes del transporte p\u00fablico desestiman  la situaci\u00f3n que se vive por el Coronavirus"},"content":{"rendered":"<aside class=\"mashsb-container mashsb-main mashsb-stretched\"><div class=\"mashsb-box\"><div class=\"mashsb-count mash-large\" style=\"float:left\"><div class=\"counts mashsbcount\">0<\/div><span class=\"mashsb-sharetext\">SHARES<\/span><\/div><div class=\"mashsb-buttons\"><a class=\"mashicon-facebook mash-large mash-center mashsb-noshadow\" href=\"https:\/\/www.facebook.com\/sharer.php?u=https%3A%2F%2Fwww.zunoticia.com%2Fnoticias-de-hidalgo%2F2020%2F03%2F19%2Fchoferes-del-transporte-publico-desestiman-la-situacion-que-se-vive-por-el-coronavirus%2F\" target=\"_top\" rel=\"nofollow\"><span class=\"icon\"><\/span><span class=\"text\">Share<\/span><\/a><a class=\"mashicon-twitter mash-large mash-center mashsb-noshadow\" href=\"https:\/\/twitter.com\/intent\/tweet?text=&amp;url=https:\/\/www.zunoticia.com\/noticias-de-hidalgo\/2020\/03\/19\/choferes-del-transporte-publico-desestiman-la-situacion-que-se-vive-por-el-coronavirus\/\" target=\"_top\" rel=\"nofollow\"><span class=\"icon\"><\/span><span class=\"text\">Tweet<\/span><\/a><div class=\"onoffswitch2 mash-large mashsb-noshadow\" style=\"display:none\"><\/div><\/div>\n            <\/div>\n                <div style=\"clear:both\"><\/div><div class=\"mashsb-toggle-container\"><\/div><\/aside>\n            <!-- Share buttons by mashshare.net - Version: 4.0.47-->\n<ul class=\"wp-block-list\"><li>Xilitla est\u00e1 considerado por las autoridades de\nsalud como foco rojo para que se registren casos de coronavirus.<\/li><\/ul>\n\n\n\n<p>XILITLA, S.L.P.- Choferes del\ntransporte p\u00fablico y la mayor\u00eda de la poblaci\u00f3n desestiman la situaci\u00f3n que se\nvive en relaci\u00f3n a la presencia del Coronavirus a nivel mundial, no tomando en\ncuenta las recomendaciones que han emitido las autoridades estatal y federal\npara contrarrestar la presencia del Covid-19.<\/p>\n\n\n\n<p>En la mayor\u00eda de los\nrestaurantes, hoteles, comercios, oficinas p\u00fablicas y transporte, no se observa\nque se cuente con el gel desinfectante o recipientes con agua y jab\u00f3n en\npuestos de comida, como lo ha indicado la Secretaria de Salud,&nbsp; quienes han sido muy reiterativos en que la\naplicaci\u00f3n de las medidas preventivas son importantes.<\/p>\n\n\n\n<p>Lo anterior pese a que el sector\nsalud ha dado la indicaci\u00f3n de que los choferes del transporte p\u00fablico deben limpiar\ntubos y tableros de manera constante para evitar los contagios, pero pareciera que\nla mayor\u00eda de la poblaci\u00f3n ha minimizado la aplicaci\u00f3n de las medidas preventivas\nen las unidades de pasaje.<\/p>\n\n\n\n<p>Xilitla est\u00e1 considerado por las\nautoridades de salud como foco rojo para que se registren casos de coronavirus\ndebido a que es uno de los principales destinos tur\u00edsticos del estado potosino\nen donde se registran visitas de turistas de todas partes del mundo y\nespecialmente de Italia, Espa\u00f1a e incluso de China, a quienes en ocasiones se\nles ha visto viajar en combis de pasaje en los tramos Xilitla-La Conchita.<\/p>\n\n\n\n<p>En dichas unidades se ha podido\ndetectar que los tableros de las combis de pasaje cuentan con una gran cantidad\nde polvo y las carrocer\u00edas son demasiado viejas y oxidadas, que ni los propietarios\nde las camionetas, ni los choferes de las mismas se preocupan por cumplir con\nlo indicado por las autoridades sanitarias. <\/p>\n\n\n\n<p>Existen quienes se encuentran\nconfundidos porque las autoridades no les han dado indicaciones muy claras de\nlo que deben hacer algunos propietarios de establecimientos con venta de\ncomida, caf\u00e9 y bebidas, quienes dijeron no haber recibido especificaciones\nconcretitas de si deber\u00e1n cerrar o no.<\/p>\n\n\n\n<p>Las autoridades municipales, como\nen el caso de Xilitla y Axtla, han externado su preocupaci\u00f3n por el impacto\nnegativo que se estima que estar\u00e1 generando el cierre de los sitios de mayor\natracci\u00f3n tur\u00edstica y la cancelaci\u00f3n de los eventos masivos culturales de ambos\nmunicipios, ya que son una estrategia para la atracci\u00f3n tur\u00edstica y la\nactivaci\u00f3n econ\u00f3mica de ambos lugares, lo cual estar\u00e1 repercutiendo de manera\nnegativa en los bolsillos de los prestadores de servicios, caus\u00e1ndoles perdidas\necon\u00f3micas.<\/p>\n\n\n\n<p>El cierre de parajes tur\u00edsticos,\nla suspensi\u00f3n de clases en todas las escuelas y la cancelaci\u00f3n de eventos\nculturales en la zona viene a afectar la econom\u00eda de una gran cantidad de\nfamilias que cuentan con sus peque\u00f1os negocios.<\/p>\n\n\n\n<p>Los taxistas de Xilitla dijeron\nestar preocupados, ya que el turismo que arriaba al municipio durante las\ntemporadas altas les permite solventar el pago de la mensualidad de sus\nunidades, siendo este el caso de los taxis que cuentan con permisos temporales\npara trabajar, pero que han adquirido sus unidades a cr\u00e9dito.<\/p>\n\n\n\n<p>Por otra parte, la compra de este\ndesinfectante por parte de la ciudadan\u00eda ha provocado el desabasto en todas las\nfarmacias, causando la preocupaci\u00f3n de la poblaci\u00f3n porque ya no es posible\npoder adquirirlo, lo que los ha llevado a realizar pedidos por internet o a\nprepararlo en casa.<\/p>\n","protected":false},"excerpt":{"rendered":"<p>Xilitla est\u00e1 considerado por las autoridades de salud como foco rojo para que se registren casos de coronavirus. XILITLA, S.L.P.- Choferes del transporte p\u00fablico y la mayor\u00eda de la poblaci\u00f3n desestiman la situaci\u00f3n que se vive en relaci\u00f3n a la presencia del Coronavirus a nivel mundial, no tomando en cuenta las recomendaciones que han emitido&hellip; <a class=\"more-link\" href=\"https:\/\/www.zunoticia.com\/noticias-de-hidalgo\/2020\/03\/19\/choferes-del-transporte-publico-desestiman-la-situacion-que-se-vive-por-el-coronavirus\/\">Seguir leyendo <span class=\"screen-reader-text\">Choferes del transporte p\u00fablico desestiman  la situaci\u00f3n que se vive por el Coronavirus<\/span><\/a><\/p>\n","protected":false},"author":12,"featured_media":337015,"comment_status":"open","ping_status":"open","sticky":false,"template":"","format":"standard","meta":{"rop_custom_images_group":[],"rop_custom_messages_group":[],"rop_publish_now":"initial","rop_publish_now_accounts":{"facebook_10159540855086992_322828327761733":""},"rop_publish_now_history":[],"rop_publish_now_status":"pending","footnotes":""},"categories":[1],"tags":[165],"class_list":["post-337095","post","type-post","status-publish","format-standard","has-post-thumbnail","hentry","category-sin-categoria","tag-xilitla","entry"],"_links":{"self":[{"href":"https:\/\/www.zunoticia.com\/noticias-de-hidalgo\/wp-json\/wp\/v2\/posts\/337095","targetHints":{"allow":["GET"]}}],"collection":[{"href":"https:\/\/www.zunoticia.com\/noticias-de-hidalgo\/wp-json\/wp\/v2\/posts"}],"about":[{"href":"https:\/\/www.zunoticia.com\/noticias-de-hidalgo\/wp-json\/wp\/v2\/types\/post"}],"author":[{"embeddable":true,"href":"https:\/\/www.zunoticia.com\/noticias-de-hidalgo\/wp-json\/wp\/v2\/users\/12"}],"replies":[{"embeddable":true,"href":"https:\/\/www.zunoticia.com\/noticias-de-hidalgo\/wp-json\/wp\/v2\/comments?post=337095"}],"version-history":[{"count":0,"href":"https:\/\/www.zunoticia.com\/noticias-de-hidalgo\/wp-json\/wp\/v2\/posts\/337095\/revisions"}],"wp:featuredmedia":[{"embeddable":true,"href":"https:\/\/www.zunoticia.com\/noticias-de-hidalgo\/wp-json\/"}],"wp:attachment":[{"href":"https:\/\/www.zunoticia.com\/noticias-de-hidalgo\/wp-json\/wp\/v2\/media?parent=337095"}],"wp:term":[{"taxonomy":"category","embeddable":true,"href":"https:\/\/www.zunoticia.com\/noticias-de-hidalgo\/wp-json\/wp\/v2\/categories?post=337095"},{"taxonomy":"post_tag","embeddable":true,"href":"https:\/\/www.zunoticia.com\/noticias-de-hidalgo\/wp-json\/wp\/v2\/tags?post=337095"}],"curies":[{"name":"wp","href":"https:\/\/api.w.org\/{rel}","templated":true}]}}