{"id":337098,"date":"2020-03-19T00:29:01","date_gmt":"2020-03-19T06:29:01","guid":{"rendered":"http:\/\/www.zunoticia.com\/?p=337098"},"modified":"2020-03-19T00:29:01","modified_gmt":"2020-03-19T06:29:01","slug":"cierran-las-pozas-a-partir-del-25-de-marzo-y-hasta-nuevo-aviso","status":"publish","type":"post","link":"https:\/\/www.zunoticia.com\/noticias-de-hidalgo\/2020\/03\/19\/cierran-las-pozas-a-partir-del-25-de-marzo-y-hasta-nuevo-aviso\/","title":{"rendered":"Cierran las pozas a partir del 25  de marzo y hasta nuevo aviso"},"content":{"rendered":"<aside class=\"mashsb-container mashsb-main mashsb-stretched\"><div class=\"mashsb-box\"><div class=\"mashsb-count mash-large\" style=\"float:left\"><div class=\"counts mashsbcount\">0<\/div><span class=\"mashsb-sharetext\">SHARES<\/span><\/div><div class=\"mashsb-buttons\"><a class=\"mashicon-facebook mash-large mash-center mashsb-noshadow\" href=\"https:\/\/www.facebook.com\/sharer.php?u=https%3A%2F%2Fwww.zunoticia.com%2Fnoticias-de-hidalgo%2F2020%2F03%2F19%2Fcierran-las-pozas-a-partir-del-25-de-marzo-y-hasta-nuevo-aviso%2F\" target=\"_top\" rel=\"nofollow\"><span class=\"icon\"><\/span><span class=\"text\">Share<\/span><\/a><a class=\"mashicon-twitter mash-large mash-center mashsb-noshadow\" href=\"https:\/\/twitter.com\/intent\/tweet?text=&amp;url=https:\/\/www.zunoticia.com\/noticias-de-hidalgo\/2020\/03\/19\/cierran-las-pozas-a-partir-del-25-de-marzo-y-hasta-nuevo-aviso\/\" target=\"_top\" rel=\"nofollow\"><span class=\"icon\"><\/span><span class=\"text\">Tweet<\/span><\/a><div class=\"onoffswitch2 mash-large mashsb-noshadow\" style=\"display:none\"><\/div><\/div>\n            <\/div>\n                <div style=\"clear:both\"><\/div><div class=\"mashsb-toggle-container\"><\/div><\/aside>\n            <!-- Share buttons by mashshare.net - Version: 4.0.47-->\n<p>XILITLA, S.L.P.- La Fundaci\u00f3n \u201cPedro\ny Elena de las Pozas\u201d anunci\u00f3 a las autoridades sanitarias de la Secretaria de\nSalud, que a partir del pr\u00f3ximo 25 de marzo del 2020 ser\u00e1 cerrado al p\u00fablico el\nacceso al Jard\u00edn Surrealista, sum\u00e1ndose as\u00ed a las acciones preventivas para\ncontrarrestar el COVID-19.<\/p>\n\n\n\n<p>La ma\u00f1ana del mi\u00e9rcoles, el Dr.\nOscar Jim\u00e9nez Villalobos, jefe de la Jurisdicci\u00f3n VI con sede en Tamazunchale, visit\u00f3\nel lugar en donde sostuvieron una reuni\u00f3n con el personal administrativo a quienes\nse les inform\u00f3 sobre la situaci\u00f3n que prevalece en torno al coronavirus y el\npanorama respecto a la situaci\u00f3n.<\/p>\n\n\n\n<p>Una vez que se dio por concluida\nla reuni\u00f3n, el jefe de la Jurisdicci\u00f3n VI dio a conocer que le fue informado\npor Zaira Li\u00f1\u00e1n Zorrilla, responsable del sitio tur\u00edstico, que ya fue emitido\nun comunicado de manera oficial por parte de la Fundaci\u00f3n, en el que se indica\nque el Jard\u00edn Surrealista permanecer\u00e1 cerrado al p\u00fablico a partir del pr\u00f3ximo\n25 de marzo y hasta nuevo aviso.<\/p>\n\n\n\n<p>En este sentido, Jim\u00e9nez\nVillalobos aplaudi\u00f3 la decisi\u00f3n de la Fundaci\u00f3n y dijo que se trata de una\nbuena noticia.<\/p>\n","protected":false},"excerpt":{"rendered":"<p>XILITLA, S.L.P.- La Fundaci\u00f3n \u201cPedro y Elena de las Pozas\u201d anunci\u00f3 a las autoridades sanitarias de la Secretaria de Salud, que a partir del pr\u00f3ximo 25 de marzo del 2020 ser\u00e1 cerrado al p\u00fablico el acceso al Jard\u00edn Surrealista, sum\u00e1ndose as\u00ed a las acciones preventivas para contrarrestar el COVID-19. La ma\u00f1ana del mi\u00e9rcoles, el Dr.&hellip; <a class=\"more-link\" href=\"https:\/\/www.zunoticia.com\/noticias-de-hidalgo\/2020\/03\/19\/cierran-las-pozas-a-partir-del-25-de-marzo-y-hasta-nuevo-aviso\/\">Seguir leyendo <span class=\"screen-reader-text\">Cierran las pozas a partir del 25  de marzo y hasta nuevo aviso<\/span><\/a><\/p>\n","protected":false},"author":12,"featured_media":337016,"comment_status":"open","ping_status":"open","sticky":false,"template":"","format":"standard","meta":{"rop_custom_images_group":[],"rop_custom_messages_group":[],"rop_publish_now":"initial","rop_publish_now_accounts":{"facebook_10159540855086992_322828327761733":""},"rop_publish_now_history":[],"rop_publish_now_status":"pending","footnotes":""},"categories":[1],"tags":[165],"class_list":["post-337098","post","type-post","status-publish","format-standard","has-post-thumbnail","hentry","category-sin-categoria","tag-xilitla","entry"],"_links":{"self":[{"href":"https:\/\/www.zunoticia.com\/noticias-de-hidalgo\/wp-json\/wp\/v2\/posts\/337098","targetHints":{"allow":["GET"]}}],"collection":[{"href":"https:\/\/www.zunoticia.com\/noticias-de-hidalgo\/wp-json\/wp\/v2\/posts"}],"about":[{"href":"https:\/\/www.zunoticia.com\/noticias-de-hidalgo\/wp-json\/wp\/v2\/types\/post"}],"author":[{"embeddable":true,"href":"https:\/\/www.zunoticia.com\/noticias-de-hidalgo\/wp-json\/wp\/v2\/users\/12"}],"replies":[{"embeddable":true,"href":"https:\/\/www.zunoticia.com\/noticias-de-hidalgo\/wp-json\/wp\/v2\/comments?post=337098"}],"version-history":[{"count":0,"href":"https:\/\/www.zunoticia.com\/noticias-de-hidalgo\/wp-json\/wp\/v2\/posts\/337098\/revisions"}],"wp:featuredmedia":[{"embeddable":true,"href":"https:\/\/www.zunoticia.com\/noticias-de-hidalgo\/wp-json\/"}],"wp:attachment":[{"href":"https:\/\/www.zunoticia.com\/noticias-de-hidalgo\/wp-json\/wp\/v2\/media?parent=337098"}],"wp:term":[{"taxonomy":"category","embeddable":true,"href":"https:\/\/www.zunoticia.com\/noticias-de-hidalgo\/wp-json\/wp\/v2\/categories?post=337098"},{"taxonomy":"post_tag","embeddable":true,"href":"https:\/\/www.zunoticia.com\/noticias-de-hidalgo\/wp-json\/wp\/v2\/tags?post=337098"}],"curies":[{"name":"wp","href":"https:\/\/api.w.org\/{rel}","templated":true}]}}