{"id":337262,"date":"2020-03-19T20:41:31","date_gmt":"2020-03-20T02:41:31","guid":{"rendered":"http:\/\/www.zunoticia.com\/?p=337262"},"modified":"2020-03-19T20:41:31","modified_gmt":"2020-03-20T02:41:31","slug":"vainilleros-de-la-huasteca-se-organizan-para-la-comercializacion-del-producto","status":"publish","type":"post","link":"https:\/\/www.zunoticia.com\/noticias-de-hidalgo\/2020\/03\/19\/vainilleros-de-la-huasteca-se-organizan-para-la-comercializacion-del-producto\/","title":{"rendered":"Vainilleros de la Huasteca se organizan  para  la comercializaci\u00f3n del producto"},"content":{"rendered":"<aside class=\"mashsb-container mashsb-main mashsb-stretched\"><div class=\"mashsb-box\"><div class=\"mashsb-count mash-large\" style=\"float:left\"><div class=\"counts mashsbcount\">0<\/div><span class=\"mashsb-sharetext\">SHARES<\/span><\/div><div class=\"mashsb-buttons\"><a class=\"mashicon-facebook mash-large mash-center mashsb-noshadow\" href=\"https:\/\/www.facebook.com\/sharer.php?u=https%3A%2F%2Fwww.zunoticia.com%2Fnoticias-de-hidalgo%2F2020%2F03%2F19%2Fvainilleros-de-la-huasteca-se-organizan-para-la-comercializacion-del-producto%2F\" target=\"_top\" rel=\"nofollow\"><span class=\"icon\"><\/span><span class=\"text\">Share<\/span><\/a><a class=\"mashicon-twitter mash-large mash-center mashsb-noshadow\" href=\"https:\/\/twitter.com\/intent\/tweet?text=&amp;url=https:\/\/www.zunoticia.com\/noticias-de-hidalgo\/2020\/03\/19\/vainilleros-de-la-huasteca-se-organizan-para-la-comercializacion-del-producto\/\" target=\"_top\" rel=\"nofollow\"><span class=\"icon\"><\/span><span class=\"text\">Tweet<\/span><\/a><div class=\"onoffswitch2 mash-large mashsb-noshadow\" style=\"display:none\"><\/div><\/div>\n            <\/div>\n                <div style=\"clear:both\"><\/div><div class=\"mashsb-toggle-container\"><\/div><\/aside>\n            <!-- Share buttons by mashshare.net - Version: 4.0.47-->\n<p>AXTLA&nbsp; DE TERRAZAS, S.L.P.- Vainilleros de un total\nde nueve municipios de la Huasteca se&nbsp;\norganizan para&nbsp; la comercializaci\u00f3n\ndel producto en el mercado nacional; ya se cuenta con las&nbsp; empresas interesadas en la compra de la producci\u00f3n.<\/p>\n\n\n\n<p>Tamazunchale,\nMatlapa,&nbsp; Tampac\u00e1n,&nbsp; Axtla de Terrazas,&nbsp; Xilitla,&nbsp;\nHuehuetl\u00e1n,&nbsp; Aquism\u00f3n, Tancanhuitz\ny Coxcatl\u00e1n&nbsp; son los municipios que se\nencuentran dentro de este importante proyecto.<\/p>\n\n\n\n<p>Para efecto\nde lo anterior, la asamblea, mediante una votaci\u00f3n nombr\u00f3 a Wilfrido Antonio\nFlores como presidente del Centro de acopio de vainilla, el cual se encuentra\nubicado en el municipio de Matlapa.<\/p>\n\n\n\n<p>La ma\u00f1ana del\njueves, integrantes del&nbsp; dicho\ncomit\u00e9&nbsp; visitaron la presidencia de Axtla\nde Terrazas, en donde&nbsp; el alcalde Jovanny\nde Jes\u00fas Ram\u00f3n&nbsp; Cruz les&nbsp; hizo entrega de cubetas de pintura, con lo\ncual estar\u00e1n&nbsp; llevando a cabo la remodelaci\u00f3n\ny mantenimiento del edificio.<\/p>\n\n\n\n<p>Wilfrido&nbsp; Antonio dio a conocer que en estos momentos\nse encuentran tocando puertas en cada una de las&nbsp; alcald\u00edas&nbsp;\nque&nbsp; integran el proyecto: \u201csomos alrededor\nde 4 mil&nbsp; vainilleros, pero no todos\ncontamos con el recurso&nbsp; econ\u00f3mico\npara&nbsp; trabajar y quienes&nbsp; lo estamos haciendo&nbsp; es porque hemos recurrido a los&nbsp; microcr\u00e9ditos&nbsp;&nbsp; y&nbsp; tenemos\nque pagarlos, por eso estamos acudiendo ante los alcaldes para solicitarles el\napoyo con material para&nbsp; ir adecuando las\ninstalaciones&nbsp; y la conexi\u00f3n del agua\u201d.<\/p>\n","protected":false},"excerpt":{"rendered":"<p>AXTLA&nbsp; DE TERRAZAS, S.L.P.- Vainilleros de un total de nueve municipios de la Huasteca se&nbsp; organizan para&nbsp; la comercializaci\u00f3n del producto en el mercado nacional; ya se cuenta con las&nbsp; empresas interesadas en la compra de la producci\u00f3n. Tamazunchale, Matlapa,&nbsp; Tampac\u00e1n,&nbsp; Axtla de Terrazas,&nbsp; Xilitla,&nbsp; Huehuetl\u00e1n,&nbsp; Aquism\u00f3n, Tancanhuitz y Coxcatl\u00e1n&nbsp; son los municipios que se&hellip; <a class=\"more-link\" href=\"https:\/\/www.zunoticia.com\/noticias-de-hidalgo\/2020\/03\/19\/vainilleros-de-la-huasteca-se-organizan-para-la-comercializacion-del-producto\/\">Seguir leyendo <span class=\"screen-reader-text\">Vainilleros de la Huasteca se organizan  para  la comercializaci\u00f3n del producto<\/span><\/a><\/p>\n","protected":false},"author":12,"featured_media":337249,"comment_status":"open","ping_status":"open","sticky":false,"template":"","format":"standard","meta":{"rop_custom_images_group":[],"rop_custom_messages_group":[],"rop_publish_now":"initial","rop_publish_now_accounts":{"facebook_10159540855086992_322828327761733":""},"rop_publish_now_history":[],"rop_publish_now_status":"pending","footnotes":""},"categories":[1],"tags":[160],"class_list":["post-337262","post","type-post","status-publish","format-standard","has-post-thumbnail","hentry","category-sin-categoria","tag-axtla","entry"],"_links":{"self":[{"href":"https:\/\/www.zunoticia.com\/noticias-de-hidalgo\/wp-json\/wp\/v2\/posts\/337262","targetHints":{"allow":["GET"]}}],"collection":[{"href":"https:\/\/www.zunoticia.com\/noticias-de-hidalgo\/wp-json\/wp\/v2\/posts"}],"about":[{"href":"https:\/\/www.zunoticia.com\/noticias-de-hidalgo\/wp-json\/wp\/v2\/types\/post"}],"author":[{"embeddable":true,"href":"https:\/\/www.zunoticia.com\/noticias-de-hidalgo\/wp-json\/wp\/v2\/users\/12"}],"replies":[{"embeddable":true,"href":"https:\/\/www.zunoticia.com\/noticias-de-hidalgo\/wp-json\/wp\/v2\/comments?post=337262"}],"version-history":[{"count":0,"href":"https:\/\/www.zunoticia.com\/noticias-de-hidalgo\/wp-json\/wp\/v2\/posts\/337262\/revisions"}],"wp:featuredmedia":[{"embeddable":true,"href":"https:\/\/www.zunoticia.com\/noticias-de-hidalgo\/wp-json\/"}],"wp:attachment":[{"href":"https:\/\/www.zunoticia.com\/noticias-de-hidalgo\/wp-json\/wp\/v2\/media?parent=337262"}],"wp:term":[{"taxonomy":"category","embeddable":true,"href":"https:\/\/www.zunoticia.com\/noticias-de-hidalgo\/wp-json\/wp\/v2\/categories?post=337262"},{"taxonomy":"post_tag","embeddable":true,"href":"https:\/\/www.zunoticia.com\/noticias-de-hidalgo\/wp-json\/wp\/v2\/tags?post=337262"}],"curies":[{"name":"wp","href":"https:\/\/api.w.org\/{rel}","templated":true}]}}