{"id":337598,"date":"2020-03-20T22:20:54","date_gmt":"2020-03-21T04:20:54","guid":{"rendered":"http:\/\/www.zunoticia.com\/?p=337598"},"modified":"2020-03-20T22:20:54","modified_gmt":"2020-03-21T04:20:54","slug":"asuntos-indigenas-continuara-dando-audiencias-bajo-medidas-preventivas","status":"publish","type":"post","link":"https:\/\/www.zunoticia.com\/noticias-de-hidalgo\/2020\/03\/20\/asuntos-indigenas-continuara-dando-audiencias-bajo-medidas-preventivas\/","title":{"rendered":"Asuntos Ind\u00edgenas  continuar\u00e1 dando  audiencias bajo  medidas preventivas"},"content":{"rendered":"<aside class=\"mashsb-container mashsb-main mashsb-stretched\"><div class=\"mashsb-box\"><div class=\"mashsb-count mash-large\" style=\"float:left\"><div class=\"counts mashsbcount\">0<\/div><span class=\"mashsb-sharetext\">SHARES<\/span><\/div><div class=\"mashsb-buttons\"><a class=\"mashicon-facebook mash-large mash-center mashsb-noshadow\" href=\"https:\/\/www.facebook.com\/sharer.php?u=https%3A%2F%2Fwww.zunoticia.com%2Fnoticias-de-hidalgo%2F2020%2F03%2F20%2Fasuntos-indigenas-continuara-dando-audiencias-bajo-medidas-preventivas%2F\" target=\"_top\" rel=\"nofollow\"><span class=\"icon\"><\/span><span class=\"text\">Share<\/span><\/a><a class=\"mashicon-twitter mash-large mash-center mashsb-noshadow\" href=\"https:\/\/twitter.com\/intent\/tweet?text=&amp;url=https:\/\/www.zunoticia.com\/noticias-de-hidalgo\/2020\/03\/20\/asuntos-indigenas-continuara-dando-audiencias-bajo-medidas-preventivas\/\" target=\"_top\" rel=\"nofollow\"><span class=\"icon\"><\/span><span class=\"text\">Tweet<\/span><\/a><div class=\"onoffswitch2 mash-large mashsb-noshadow\" style=\"display:none\"><\/div><\/div>\n            <\/div>\n                <div style=\"clear:both\"><\/div><div class=\"mashsb-toggle-container\"><\/div><\/aside>\n            <!-- Share buttons by mashshare.net - Version: 4.0.47-->\n<p>Axtla de Terrazas,\nS.L.P.- La Direcci\u00f3n Municipal de Asuntos Ind\u00edgenas estar\u00e1 brindando la atenci\u00f3n\na la ciudadan\u00eda en los mismos d\u00edas y horarios, pero respetando las indicaciones\nen torno a la aplicaci\u00f3n de medidas preventivas contra el coronavirus como lo ha\nestablecido la Secretar\u00eda de Salud.<\/p>\n\n\n\n<p>Durante la atenci\u00f3n\nciudadana, se lleva la aplicaci\u00f3n del desinfectante de manos, se colocan las\nsillas a poco m\u00e1s de un metro de distancia de una persona a otra como parte de\nlas acciones encaminadas a cuidar la salud de la poblaci\u00f3n axtlense.<\/p>\n\n\n\n<p>Cipriano Manuel\nGod\u00ednez, director de Asuntos Ind\u00edgenas en el Municipio, anunci\u00f3 que se&nbsp; continuar\u00e1 dando las audiencias a la\npoblaci\u00f3n pero bajo las medidas preventivas de salud respetando los protocolos\nestablecidos por el sector salud para evitar la posible propagaci\u00f3n del <strong>Covid- 19.<\/strong><\/p>\n","protected":false},"excerpt":{"rendered":"<p>Axtla de Terrazas, S.L.P.- La Direcci\u00f3n Municipal de Asuntos Ind\u00edgenas estar\u00e1 brindando la atenci\u00f3n a la ciudadan\u00eda en los mismos d\u00edas y horarios, pero respetando las indicaciones en torno a la aplicaci\u00f3n de medidas preventivas contra el coronavirus como lo ha establecido la Secretar\u00eda de Salud. Durante la atenci\u00f3n ciudadana, se lleva la aplicaci\u00f3n del&hellip; <a class=\"more-link\" href=\"https:\/\/www.zunoticia.com\/noticias-de-hidalgo\/2020\/03\/20\/asuntos-indigenas-continuara-dando-audiencias-bajo-medidas-preventivas\/\">Seguir leyendo <span class=\"screen-reader-text\">Asuntos Ind\u00edgenas  continuar\u00e1 dando  audiencias bajo  medidas preventivas<\/span><\/a><\/p>\n","protected":false},"author":12,"featured_media":337553,"comment_status":"open","ping_status":"open","sticky":false,"template":"","format":"standard","meta":{"rop_custom_images_group":[],"rop_custom_messages_group":[],"rop_publish_now":"initial","rop_publish_now_accounts":{"facebook_10159540855086992_322828327761733":""},"rop_publish_now_history":[],"rop_publish_now_status":"pending","footnotes":""},"categories":[1],"tags":[160],"class_list":["post-337598","post","type-post","status-publish","format-standard","has-post-thumbnail","hentry","category-sin-categoria","tag-axtla","entry"],"_links":{"self":[{"href":"https:\/\/www.zunoticia.com\/noticias-de-hidalgo\/wp-json\/wp\/v2\/posts\/337598","targetHints":{"allow":["GET"]}}],"collection":[{"href":"https:\/\/www.zunoticia.com\/noticias-de-hidalgo\/wp-json\/wp\/v2\/posts"}],"about":[{"href":"https:\/\/www.zunoticia.com\/noticias-de-hidalgo\/wp-json\/wp\/v2\/types\/post"}],"author":[{"embeddable":true,"href":"https:\/\/www.zunoticia.com\/noticias-de-hidalgo\/wp-json\/wp\/v2\/users\/12"}],"replies":[{"embeddable":true,"href":"https:\/\/www.zunoticia.com\/noticias-de-hidalgo\/wp-json\/wp\/v2\/comments?post=337598"}],"version-history":[{"count":0,"href":"https:\/\/www.zunoticia.com\/noticias-de-hidalgo\/wp-json\/wp\/v2\/posts\/337598\/revisions"}],"wp:featuredmedia":[{"embeddable":true,"href":"https:\/\/www.zunoticia.com\/noticias-de-hidalgo\/wp-json\/"}],"wp:attachment":[{"href":"https:\/\/www.zunoticia.com\/noticias-de-hidalgo\/wp-json\/wp\/v2\/media?parent=337598"}],"wp:term":[{"taxonomy":"category","embeddable":true,"href":"https:\/\/www.zunoticia.com\/noticias-de-hidalgo\/wp-json\/wp\/v2\/categories?post=337598"},{"taxonomy":"post_tag","embeddable":true,"href":"https:\/\/www.zunoticia.com\/noticias-de-hidalgo\/wp-json\/wp\/v2\/tags?post=337598"}],"curies":[{"name":"wp","href":"https:\/\/api.w.org\/{rel}","templated":true}]}}