{"id":338189,"date":"2020-03-23T12:19:37","date_gmt":"2020-03-23T18:19:37","guid":{"rendered":"http:\/\/www.zunoticia.com\/?p=338189"},"modified":"2020-03-23T12:19:37","modified_gmt":"2020-03-23T18:19:37","slug":"fueron-reprogramadas-las-actividades-por-el-dia-mundial-del-agua","status":"publish","type":"post","link":"https:\/\/www.zunoticia.com\/noticias-de-hidalgo\/2020\/03\/23\/fueron-reprogramadas-las-actividades-por-el-dia-mundial-del-agua\/","title":{"rendered":"Fueron reprogramadas  las actividades por el  D\u00eda Mundial del Agua"},"content":{"rendered":"<aside class=\"mashsb-container mashsb-main mashsb-stretched\"><div class=\"mashsb-box\"><div class=\"mashsb-count mash-large\" style=\"float:left\"><div class=\"counts mashsbcount\">0<\/div><span class=\"mashsb-sharetext\">SHARES<\/span><\/div><div class=\"mashsb-buttons\"><a class=\"mashicon-facebook mash-large mash-center mashsb-noshadow\" href=\"https:\/\/www.facebook.com\/sharer.php?u=https%3A%2F%2Fwww.zunoticia.com%2Fnoticias-de-hidalgo%2F2020%2F03%2F23%2Ffueron-reprogramadas-las-actividades-por-el-dia-mundial-del-agua%2F\" target=\"_top\" rel=\"nofollow\"><span class=\"icon\"><\/span><span class=\"text\">Share<\/span><\/a><a class=\"mashicon-twitter mash-large mash-center mashsb-noshadow\" href=\"https:\/\/twitter.com\/intent\/tweet?text=&amp;url=https:\/\/www.zunoticia.com\/noticias-de-hidalgo\/2020\/03\/23\/fueron-reprogramadas-las-actividades-por-el-dia-mundial-del-agua\/\" target=\"_top\" rel=\"nofollow\"><span class=\"icon\"><\/span><span class=\"text\">Tweet<\/span><\/a><div class=\"onoffswitch2 mash-large mashsb-noshadow\" style=\"display:none\"><\/div><\/div>\n            <\/div>\n                <div style=\"clear:both\"><\/div><div class=\"mashsb-toggle-container\"><\/div><\/aside>\n            <!-- Share buttons by mashshare.net - Version: 4.0.47-->\n<ul class=\"wp-block-list\"><li>Exposici\u00f3n itinerante\nsobre agua y cambio clim\u00e1tico ser\u00e1 despu\u00e9s de que pase la contingencia del Covid\n-19.<\/li><\/ul>\n\n\n\n<p>GEORGINA\nJARAMILLO<\/p>\n\n\n\n<p>Axtla de\nTerrazas, S.L.P.- El Sistema Municipal de Agua Drenaje y Alcantarillado,\ncancel\u00f3 las actividades que se ten\u00edan programadas para el domingo 22 de marzo\npor el D\u00eda Mundial del Agua como parte de las acciones en contra del\ncoronavirus.<\/p>\n\n\n\n<p>La actividad se\nestar\u00e1 desarrollando de manera itinerante una vez que pase la contingencia del Covid-\n19, donde se explicar\u00e1 sobre el agua y cambio clim\u00e1tico a trav\u00e9s de pl\u00e1ticas a\ntodos los sectores, la finalidad es concientizar sobre la severa sequ\u00eda, la\nfalta del vital l\u00edquido y el cambio clim\u00e1tico.<\/p>\n\n\n\n<p>Arnoldo Herbert,\ntitular del organismo operador, detall\u00f3 que como cada a\u00f1o ya se contaba con una\nserie de actividades relacionadas con el D\u00eda Mundial del Agua, sin embargo y\ncocientes de lo delicado de la situaci\u00f3n que se vive en torno al coronavirus se\ntomaron las medidas preventivas&nbsp;&nbsp;\nsuspendiendo las actividades.<\/p>\n\n\n\n<p>\u201cSer\u00e1 despu\u00e9s de\nque pase la contingencia\u201d &#8211; dijo- \u201cque se est\u00e9n reprogramando las actividades\nrelacionadas con el cuidado del agua,&nbsp;\nhab\u00edamos pensando generar una serie de actividades por el D\u00eda Mundial\ndel Agua que este a\u00f1o en particular tiene una connotaci\u00f3n en especial porque el\ntema es agua y cambio clim\u00e1tico\u201d.<\/p>\n\n\n\n<p>\u201cY si algo\ndebemos entender y es que todas las consecuencias que estamos&nbsp; teniendo en nuestra vida diaria son en\nrelativa al cambio clim\u00e1tico incluido&nbsp; la\npandemia que tenemos del coronavirus\u201d, cit\u00f3 el funcionario.<\/p>\n\n\n\n<p>Explic\u00f3 que \u201cse\nha hecho un esfuerzo muy grande para el desarrollo de dicha actividad, por lo\nque se espera que una vez pasando la contingencia&nbsp; se pueda desarrollar en todos los \u00e1mbitos que\ntienen que ver con la cabecera y las localidades que&nbsp; tienen que ver con la zona urbana\u201d.<\/p>\n","protected":false},"excerpt":{"rendered":"<p>Exposici\u00f3n itinerante sobre agua y cambio clim\u00e1tico ser\u00e1 despu\u00e9s de que pase la contingencia del Covid -19. GEORGINA JARAMILLO Axtla de Terrazas, S.L.P.- El Sistema Municipal de Agua Drenaje y Alcantarillado, cancel\u00f3 las actividades que se ten\u00edan programadas para el domingo 22 de marzo por el D\u00eda Mundial del Agua como parte de las acciones&hellip; <a class=\"more-link\" href=\"https:\/\/www.zunoticia.com\/noticias-de-hidalgo\/2020\/03\/23\/fueron-reprogramadas-las-actividades-por-el-dia-mundial-del-agua\/\">Seguir leyendo <span class=\"screen-reader-text\">Fueron reprogramadas  las actividades por el  D\u00eda Mundial del Agua<\/span><\/a><\/p>\n","protected":false},"author":12,"featured_media":338132,"comment_status":"open","ping_status":"open","sticky":false,"template":"","format":"standard","meta":{"rop_custom_images_group":[],"rop_custom_messages_group":[],"rop_publish_now":"initial","rop_publish_now_accounts":{"facebook_10159540855086992_322828327761733":""},"rop_publish_now_history":[],"rop_publish_now_status":"pending","footnotes":""},"categories":[1],"tags":[160],"class_list":["post-338189","post","type-post","status-publish","format-standard","has-post-thumbnail","hentry","category-sin-categoria","tag-axtla","entry"],"_links":{"self":[{"href":"https:\/\/www.zunoticia.com\/noticias-de-hidalgo\/wp-json\/wp\/v2\/posts\/338189","targetHints":{"allow":["GET"]}}],"collection":[{"href":"https:\/\/www.zunoticia.com\/noticias-de-hidalgo\/wp-json\/wp\/v2\/posts"}],"about":[{"href":"https:\/\/www.zunoticia.com\/noticias-de-hidalgo\/wp-json\/wp\/v2\/types\/post"}],"author":[{"embeddable":true,"href":"https:\/\/www.zunoticia.com\/noticias-de-hidalgo\/wp-json\/wp\/v2\/users\/12"}],"replies":[{"embeddable":true,"href":"https:\/\/www.zunoticia.com\/noticias-de-hidalgo\/wp-json\/wp\/v2\/comments?post=338189"}],"version-history":[{"count":0,"href":"https:\/\/www.zunoticia.com\/noticias-de-hidalgo\/wp-json\/wp\/v2\/posts\/338189\/revisions"}],"wp:featuredmedia":[{"embeddable":true,"href":"https:\/\/www.zunoticia.com\/noticias-de-hidalgo\/wp-json\/"}],"wp:attachment":[{"href":"https:\/\/www.zunoticia.com\/noticias-de-hidalgo\/wp-json\/wp\/v2\/media?parent=338189"}],"wp:term":[{"taxonomy":"category","embeddable":true,"href":"https:\/\/www.zunoticia.com\/noticias-de-hidalgo\/wp-json\/wp\/v2\/categories?post=338189"},{"taxonomy":"post_tag","embeddable":true,"href":"https:\/\/www.zunoticia.com\/noticias-de-hidalgo\/wp-json\/wp\/v2\/tags?post=338189"}],"curies":[{"name":"wp","href":"https:\/\/api.w.org\/{rel}","templated":true}]}}