{"id":338270,"date":"2020-03-24T00:28:22","date_gmt":"2020-03-24T06:28:22","guid":{"rendered":"http:\/\/www.zunoticia.com\/?p=338270"},"modified":"2020-03-24T00:28:22","modified_gmt":"2020-03-24T06:28:22","slug":"giros-mercantiles-cierra-cantinas-por-contingencia","status":"publish","type":"post","link":"https:\/\/www.zunoticia.com\/noticias-de-hidalgo\/2020\/03\/24\/giros-mercantiles-cierra-cantinas-por-contingencia\/","title":{"rendered":"Giros Mercantiles   cierra cantinas  por contingencia"},"content":{"rendered":"<aside class=\"mashsb-container mashsb-main mashsb-stretched\"><div class=\"mashsb-box\"><div class=\"mashsb-count mash-large\" style=\"float:left\"><div class=\"counts mashsbcount\">0<\/div><span class=\"mashsb-sharetext\">SHARES<\/span><\/div><div class=\"mashsb-buttons\"><a class=\"mashicon-facebook mash-large mash-center mashsb-noshadow\" href=\"https:\/\/www.facebook.com\/sharer.php?u=https%3A%2F%2Fwww.zunoticia.com%2Fnoticias-de-hidalgo%2F2020%2F03%2F24%2Fgiros-mercantiles-cierra-cantinas-por-contingencia%2F\" target=\"_top\" rel=\"nofollow\"><span class=\"icon\"><\/span><span class=\"text\">Share<\/span><\/a><a class=\"mashicon-twitter mash-large mash-center mashsb-noshadow\" href=\"https:\/\/twitter.com\/intent\/tweet?text=&amp;url=https:\/\/www.zunoticia.com\/noticias-de-hidalgo\/2020\/03\/24\/giros-mercantiles-cierra-cantinas-por-contingencia\/\" target=\"_top\" rel=\"nofollow\"><span class=\"icon\"><\/span><span class=\"text\">Tweet<\/span><\/a><div class=\"onoffswitch2 mash-large mashsb-noshadow\" style=\"display:none\"><\/div><\/div>\n            <\/div>\n                <div style=\"clear:both\"><\/div><div class=\"mashsb-toggle-container\"><\/div><\/aside>\n            <!-- Share buttons by mashshare.net - Version: 4.0.47-->\n<ul class=\"wp-block-list\"><li>Los d\u00edas domingos y mi\u00e9rcoles de\ncomercio cerrar\u00e1n los establecimientos como parte de las acciones preventivas\npor coronavirus.<\/li><\/ul>\n\n\n\n<p>GEORGINA\nJARAMILLO<\/p>\n\n\n\n<p>Axtla de Terrazas,\nS.L.P.- El Gobierno Municipal que preside el alcalde Jovanny de Jes\u00fas Ram\u00f3n\nCruz, a trav\u00e9s de las \u00e1reas correspondientes&nbsp;&nbsp;\nllevaron a cabo un recorrido de supervisi\u00f3n en el interior de las\ncantinas del Municipio, con la intenci\u00f3n de verificar y dar a conocer las\nindicaciones sobre las medidas preventivas que se deben aplicar en torno al\ncoronavirus para evitar contagios en la poblaci\u00f3n.<\/p>\n\n\n\n<p>Dentro de las acciones\nque se han establecido, se determin\u00f3 el cierre de cantinas los d\u00edas domingos y\nmi\u00e9rcoles de comercio- es decir- que queda suspendida la venta de bebidas\nembriagantes al p\u00fablico para evitar&nbsp;\naglomeraciones y riesgos en la salud de la poblaci\u00f3n. <\/p>\n\n\n\n<p>Se verific\u00f3 que se este\ncumpliendo con las medidas preventivas establecidas por el sector salud, como\nes la de evitar la aglomeraci\u00f3n de personas, aplicaci\u00f3n de gel antibacterial,\nlavado de manos con agua y jab\u00f3n, cubre bocas, uso de guantes, entre otras.<\/p>\n\n\n\n<p>En la actividad,\nparticiparon la direcci\u00f3n de Giros Mercantiles en coordinaci\u00f3n con la Direcci\u00f3n\nde Seguridad P\u00fablica y Tr\u00e1nsito Municipal,&nbsp;\nSeguridad P\u00fablica del Estado, qui\u00e9nes verificaron e indicaron a los\npropietaritos de este tipo de establecimientos sobre las medidas preventivas\nque deben aplicar dentro de sus comercios para evitar la propagaci\u00f3n del virus.\n<\/p>\n\n\n\n<p>Anselmo \u201cN\u201d&nbsp; director de Giros Mercantiles, dijo que a\npartir del pasado domingo queda prohibido que se abran las cantinas los d\u00edas\ndomingo y mi\u00e9rcoles permaneciendo la indicaci\u00f3n hasta el 19 de abril del a\u00f1o en\ncurso.<\/p>\n","protected":false},"excerpt":{"rendered":"<p>Los d\u00edas domingos y mi\u00e9rcoles de comercio cerrar\u00e1n los establecimientos como parte de las acciones preventivas por coronavirus. GEORGINA JARAMILLO Axtla de Terrazas, S.L.P.- El Gobierno Municipal que preside el alcalde Jovanny de Jes\u00fas Ram\u00f3n Cruz, a trav\u00e9s de las \u00e1reas correspondientes&nbsp;&nbsp; llevaron a cabo un recorrido de supervisi\u00f3n en el interior de las cantinas&hellip; <a class=\"more-link\" href=\"https:\/\/www.zunoticia.com\/noticias-de-hidalgo\/2020\/03\/24\/giros-mercantiles-cierra-cantinas-por-contingencia\/\">Seguir leyendo <span class=\"screen-reader-text\">Giros Mercantiles   cierra cantinas  por contingencia<\/span><\/a><\/p>\n","protected":false},"author":12,"featured_media":338240,"comment_status":"open","ping_status":"open","sticky":false,"template":"","format":"standard","meta":{"rop_custom_images_group":[],"rop_custom_messages_group":[],"rop_publish_now":"initial","rop_publish_now_accounts":{"facebook_10159540855086992_322828327761733":""},"rop_publish_now_history":[],"rop_publish_now_status":"pending","footnotes":""},"categories":[1],"tags":[160],"class_list":["post-338270","post","type-post","status-publish","format-standard","has-post-thumbnail","hentry","category-sin-categoria","tag-axtla","entry"],"_links":{"self":[{"href":"https:\/\/www.zunoticia.com\/noticias-de-hidalgo\/wp-json\/wp\/v2\/posts\/338270","targetHints":{"allow":["GET"]}}],"collection":[{"href":"https:\/\/www.zunoticia.com\/noticias-de-hidalgo\/wp-json\/wp\/v2\/posts"}],"about":[{"href":"https:\/\/www.zunoticia.com\/noticias-de-hidalgo\/wp-json\/wp\/v2\/types\/post"}],"author":[{"embeddable":true,"href":"https:\/\/www.zunoticia.com\/noticias-de-hidalgo\/wp-json\/wp\/v2\/users\/12"}],"replies":[{"embeddable":true,"href":"https:\/\/www.zunoticia.com\/noticias-de-hidalgo\/wp-json\/wp\/v2\/comments?post=338270"}],"version-history":[{"count":0,"href":"https:\/\/www.zunoticia.com\/noticias-de-hidalgo\/wp-json\/wp\/v2\/posts\/338270\/revisions"}],"wp:featuredmedia":[{"embeddable":true,"href":"https:\/\/www.zunoticia.com\/noticias-de-hidalgo\/wp-json\/"}],"wp:attachment":[{"href":"https:\/\/www.zunoticia.com\/noticias-de-hidalgo\/wp-json\/wp\/v2\/media?parent=338270"}],"wp:term":[{"taxonomy":"category","embeddable":true,"href":"https:\/\/www.zunoticia.com\/noticias-de-hidalgo\/wp-json\/wp\/v2\/categories?post=338270"},{"taxonomy":"post_tag","embeddable":true,"href":"https:\/\/www.zunoticia.com\/noticias-de-hidalgo\/wp-json\/wp\/v2\/tags?post=338270"}],"curies":[{"name":"wp","href":"https:\/\/api.w.org\/{rel}","templated":true}]}}