{"id":339441,"date":"2020-03-27T22:41:28","date_gmt":"2020-03-28T04:41:28","guid":{"rendered":"http:\/\/www.zunoticia.com\/?p=339441"},"modified":"2020-03-27T22:41:28","modified_gmt":"2020-03-28T04:41:28","slug":"alcalde-visito-filtro-para-deteccion-de-visitantes","status":"publish","type":"post","link":"https:\/\/www.zunoticia.com\/noticias-de-hidalgo\/2020\/03\/27\/alcalde-visito-filtro-para-deteccion-de-visitantes\/","title":{"rendered":"Alcalde Visit\u00f3 filtro para detecci\u00f3n de visitantes"},"content":{"rendered":"<aside class=\"mashsb-container mashsb-main mashsb-stretched\"><div class=\"mashsb-box\"><div class=\"mashsb-count mash-large\" style=\"float:left\"><div class=\"counts mashsbcount\">0<\/div><span class=\"mashsb-sharetext\">SHARES<\/span><\/div><div class=\"mashsb-buttons\"><a class=\"mashicon-facebook mash-large mash-center mashsb-noshadow\" href=\"https:\/\/www.facebook.com\/sharer.php?u=https%3A%2F%2Fwww.zunoticia.com%2Fnoticias-de-hidalgo%2F2020%2F03%2F27%2Falcalde-visito-filtro-para-deteccion-de-visitantes%2F\" target=\"_top\" rel=\"nofollow\"><span class=\"icon\"><\/span><span class=\"text\">Share<\/span><\/a><a class=\"mashicon-twitter mash-large mash-center mashsb-noshadow\" href=\"https:\/\/twitter.com\/intent\/tweet?text=&amp;url=https:\/\/www.zunoticia.com\/noticias-de-hidalgo\/2020\/03\/27\/alcalde-visito-filtro-para-deteccion-de-visitantes\/\" target=\"_top\" rel=\"nofollow\"><span class=\"icon\"><\/span><span class=\"text\">Tweet<\/span><\/a><div class=\"onoffswitch2 mash-large mashsb-noshadow\" style=\"display:none\"><\/div><\/div>\n            <\/div>\n                <div style=\"clear:both\"><\/div><div class=\"mashsb-toggle-container\"><\/div><\/aside>\n            <!-- Share buttons by mashshare.net - Version: 4.0.47-->\n<p>Visit\u00f3 el filtro que fue colocado en el acceso principal a la cabecera\nmunicipal, y que estar\u00e1n a cargo de la Coordinaci\u00f3n de Salud, Seguridad P\u00fablica\ny Tr\u00e1nsito Municipal, Turismo y Deportes<\/p>\n\n\n\n<p>Georgina Jaramillo<\/p>\n\n\n\n<p>Axtla de Terrazas, S.L.P.- La ma\u00f1ana de ayer viernes el Alcalde Jovanny\nde Jes\u00fas Ram\u00f3n Cruz, llev\u00f3 a cabo un recorrido por diferentes puntos de la\ncabecera municipal para verificar que se est\u00e9n llevando a cabo la implementaci\u00f3n\nde medidas preventivas que han sido emitidas por el Sector Salud y la misma\nautoridad local.&nbsp; <\/p>\n\n\n\n<p>Dentro del recorrido el jefe de la comuna, visit\u00f3 los m\u00f3dulos o filtros\nque fueron colocados en los accesos principales a la cabecera municipal, y que\nestar\u00e1n a cargo de la Coordinaci\u00f3n de Salud, Seguridad P\u00fablica y Tr\u00e1nsito\nMunicipal, Turismo y Deportes.<\/p>\n\n\n\n<p>En este sentido, el mun\u00edcipe detall\u00f3 que dichos m\u00f3dulos fueron\ncolocados con la intenci\u00f3n de prevenir, orientar, desinfectar y detectar alg\u00fan\ns\u00edntoma en las personas que llegan al pueblo con encanto, con la finalidad de\nevitar la propagaci\u00f3n del COVID-19 en la poblaci\u00f3n axtlense.<\/p>\n\n\n\n<p>La autoridad Municipal, anunci\u00f3 que se permanecer\u00e1 al pendiente\nmediante monitoreos diariamente mediante la aplicaci\u00f3n de medidas preventivas\npara evitar a medida de lo posible la&nbsp;&nbsp;\npropagaci\u00f3n del virus.<\/p>\n\n\n\n<p>Es importante -dijo- que la poblaci\u00f3n en general tome conciencia de lo\ndelicado de la situaci\u00f3n y de no acatarse las indicaciones se podr\u00eda tornar cr\u00edtica.<\/p>\n\n\n\n<p>Aclar\u00f3, que no se busca alarmar a la poblaci\u00f3n y s\u00ed de mantenerlos\ninformados de lo que se debe hacer para contrarrestar una posible contaminaci\u00f3n\nen la ciudadan\u00eda -lo cual indic\u00f3- se puede prevenir con medidas preventivas como&nbsp; las que se llevan a cabo.<\/p>\n","protected":false},"excerpt":{"rendered":"<p>Visit\u00f3 el filtro que fue colocado en el acceso principal a la cabecera municipal, y que estar\u00e1n a cargo de la Coordinaci\u00f3n de Salud, Seguridad P\u00fablica y Tr\u00e1nsito Municipal, Turismo y Deportes Georgina Jaramillo Axtla de Terrazas, S.L.P.- La ma\u00f1ana de ayer viernes el Alcalde Jovanny de Jes\u00fas Ram\u00f3n Cruz, llev\u00f3 a cabo un recorrido&hellip; <a class=\"more-link\" href=\"https:\/\/www.zunoticia.com\/noticias-de-hidalgo\/2020\/03\/27\/alcalde-visito-filtro-para-deteccion-de-visitantes\/\">Seguir leyendo <span class=\"screen-reader-text\">Alcalde Visit\u00f3 filtro para detecci\u00f3n de visitantes<\/span><\/a><\/p>\n","protected":false},"author":12,"featured_media":339407,"comment_status":"open","ping_status":"open","sticky":false,"template":"","format":"standard","meta":{"rop_custom_images_group":[],"rop_custom_messages_group":[],"rop_publish_now":"initial","rop_publish_now_accounts":{"facebook_10159540855086992_322828327761733":""},"rop_publish_now_history":[],"rop_publish_now_status":"pending","footnotes":""},"categories":[1],"tags":[160],"class_list":["post-339441","post","type-post","status-publish","format-standard","has-post-thumbnail","hentry","category-sin-categoria","tag-axtla","entry"],"_links":{"self":[{"href":"https:\/\/www.zunoticia.com\/noticias-de-hidalgo\/wp-json\/wp\/v2\/posts\/339441","targetHints":{"allow":["GET"]}}],"collection":[{"href":"https:\/\/www.zunoticia.com\/noticias-de-hidalgo\/wp-json\/wp\/v2\/posts"}],"about":[{"href":"https:\/\/www.zunoticia.com\/noticias-de-hidalgo\/wp-json\/wp\/v2\/types\/post"}],"author":[{"embeddable":true,"href":"https:\/\/www.zunoticia.com\/noticias-de-hidalgo\/wp-json\/wp\/v2\/users\/12"}],"replies":[{"embeddable":true,"href":"https:\/\/www.zunoticia.com\/noticias-de-hidalgo\/wp-json\/wp\/v2\/comments?post=339441"}],"version-history":[{"count":0,"href":"https:\/\/www.zunoticia.com\/noticias-de-hidalgo\/wp-json\/wp\/v2\/posts\/339441\/revisions"}],"wp:featuredmedia":[{"embeddable":true,"href":"https:\/\/www.zunoticia.com\/noticias-de-hidalgo\/wp-json\/"}],"wp:attachment":[{"href":"https:\/\/www.zunoticia.com\/noticias-de-hidalgo\/wp-json\/wp\/v2\/media?parent=339441"}],"wp:term":[{"taxonomy":"category","embeddable":true,"href":"https:\/\/www.zunoticia.com\/noticias-de-hidalgo\/wp-json\/wp\/v2\/categories?post=339441"},{"taxonomy":"post_tag","embeddable":true,"href":"https:\/\/www.zunoticia.com\/noticias-de-hidalgo\/wp-json\/wp\/v2\/tags?post=339441"}],"curies":[{"name":"wp","href":"https:\/\/api.w.org\/{rel}","templated":true}]}}