{"id":340057,"date":"2020-03-31T01:06:02","date_gmt":"2020-03-31T07:06:02","guid":{"rendered":"http:\/\/www.zunoticia.com\/?p=340057"},"modified":"2020-03-31T01:06:02","modified_gmt":"2020-03-31T07:06:02","slug":"alcalde-pide-a-la-poblacion-no-salir-de-casa-por-covid-19","status":"publish","type":"post","link":"https:\/\/www.zunoticia.com\/noticias-de-hidalgo\/2020\/03\/31\/alcalde-pide-a-la-poblacion-no-salir-de-casa-por-covid-19\/","title":{"rendered":"Alcalde pide a la poblaci\u00f3n  no salir de casa por Covid-19"},"content":{"rendered":"<aside class=\"mashsb-container mashsb-main mashsb-stretched\"><div class=\"mashsb-box\"><div class=\"mashsb-count mash-large\" style=\"float:left\"><div class=\"counts mashsbcount\">0<\/div><span class=\"mashsb-sharetext\">SHARES<\/span><\/div><div class=\"mashsb-buttons\"><a class=\"mashicon-facebook mash-large mash-center mashsb-noshadow\" href=\"https:\/\/www.facebook.com\/sharer.php?u=https%3A%2F%2Fwww.zunoticia.com%2Fnoticias-de-hidalgo%2F2020%2F03%2F31%2Falcalde-pide-a-la-poblacion-no-salir-de-casa-por-covid-19%2F\" target=\"_top\" rel=\"nofollow\"><span class=\"icon\"><\/span><span class=\"text\">Share<\/span><\/a><a class=\"mashicon-twitter mash-large mash-center mashsb-noshadow\" href=\"https:\/\/twitter.com\/intent\/tweet?text=&amp;url=https:\/\/www.zunoticia.com\/noticias-de-hidalgo\/2020\/03\/31\/alcalde-pide-a-la-poblacion-no-salir-de-casa-por-covid-19\/\" target=\"_top\" rel=\"nofollow\"><span class=\"icon\"><\/span><span class=\"text\">Tweet<\/span><\/a><div class=\"onoffswitch2 mash-large mashsb-noshadow\" style=\"display:none\"><\/div><\/div>\n            <\/div>\n                <div style=\"clear:both\"><\/div><div class=\"mashsb-toggle-container\"><\/div><\/aside>\n            <!-- Share buttons by mashshare.net - Version: 4.0.47-->\n<p>Fue\nanunciado que a partir del 1 de abril del presente a\u00f1o se estar\u00e1 instalando en\nel municipio una unidad m\u00f3vil para atender infecciones respiratorias agudas<\/p>\n\n\n\n<p>Georgina\nJaramillo<\/p>\n\n\n\n<p>Axtla de\nTerrazas, S.L.P.- Como parte de las acciones preventivas que se han vendido desarrollando\npor parte del Gobierno Municipal en coordinaci\u00f3n con las diferentes\ninstituciones p\u00fablicas, la ma\u00f1ana de ayer lunes personal de Instituto Mexicano\ndel Seguro Social (IMSS) y el \u00e1rea de Salud Municipal en coordinaci\u00f3n con el Ayuntamiento,\nllevaron a cabo una reuni\u00f3n de informaci\u00f3n, promoci\u00f3n y prevenci\u00f3n, la cual\nestuvo encabezada por el alcalde Jovanny de Jes\u00fas Ram\u00f3n Cruz y su esposa la\nProfra. Elizabeth Barrechenea, Presidente del Sistema Municipal para el\nDesarrollo Integral de la Familia (DIF) y dem\u00e1s funcionario de su gabinete.<\/p>\n\n\n\n<p>Las\nAutoridades de Salud como medida preventiva piden a la poblaci\u00f3n lavarse las\nmanos las veces necesarias, desinfectar muebles con agua clorada y jab\u00f3n,\npermanecer en casa y salir una persona por familia en caso de mucha necesidad,\nno arriesgar a los adultos mayores y no hacer caso omiso a las recomendaciones,\nya que el COVID19 no es un juego y pueden poner en riesgo su salud y de sus familiares.<\/p>\n\n\n\n<p>En el marco\nde la actividad, fue anunciado que a partir del 1 de abril del presente a\u00f1o se\nestar\u00e1 instalando en el municipio una unidad m\u00f3vil para atender infecciones\nrespiratorias agudas y se pone a disposici\u00f3n el Centro de Salud de Jalpilla para\natender a pacientes \u00fanicamente de lo ya mencionado en horario de 8:00 a 8:00\nhoras.<\/p>\n\n\n\n<p>Al respecto\nel jefe de la comuna, anunci\u00f3 que se reforzar\u00e1 con las medidas necesarias y lo\nque se requiera para hacerle frente al Coronavirus ya que es preocupante lo que\nactualmente est\u00e1 sucediendo a nivel mundial y que causa estragos en la sociedad\nal tiempo que se comprometi\u00f3&nbsp; a brindar\ntodas las facilidades y apoyo a lo que se requiera a fin de continuar\nfortaleciendo las acciones en materia de salud a favor de la poblaci\u00f3n.<\/p>\n","protected":false},"excerpt":{"rendered":"<p>Fue anunciado que a partir del 1 de abril del presente a\u00f1o se estar\u00e1 instalando en el municipio una unidad m\u00f3vil para atender infecciones respiratorias agudas Georgina Jaramillo Axtla de Terrazas, S.L.P.- Como parte de las acciones preventivas que se han vendido desarrollando por parte del Gobierno Municipal en coordinaci\u00f3n con las diferentes instituciones p\u00fablicas,&hellip; <a class=\"more-link\" href=\"https:\/\/www.zunoticia.com\/noticias-de-hidalgo\/2020\/03\/31\/alcalde-pide-a-la-poblacion-no-salir-de-casa-por-covid-19\/\">Seguir leyendo <span class=\"screen-reader-text\">Alcalde pide a la poblaci\u00f3n  no salir de casa por Covid-19<\/span><\/a><\/p>\n","protected":false},"author":12,"featured_media":340020,"comment_status":"open","ping_status":"open","sticky":false,"template":"","format":"standard","meta":{"rop_custom_images_group":[],"rop_custom_messages_group":[],"rop_publish_now":"initial","rop_publish_now_accounts":{"facebook_10159540855086992_322828327761733":""},"rop_publish_now_history":[],"rop_publish_now_status":"pending","footnotes":""},"categories":[1],"tags":[160],"class_list":["post-340057","post","type-post","status-publish","format-standard","has-post-thumbnail","hentry","category-sin-categoria","tag-axtla","entry"],"_links":{"self":[{"href":"https:\/\/www.zunoticia.com\/noticias-de-hidalgo\/wp-json\/wp\/v2\/posts\/340057","targetHints":{"allow":["GET"]}}],"collection":[{"href":"https:\/\/www.zunoticia.com\/noticias-de-hidalgo\/wp-json\/wp\/v2\/posts"}],"about":[{"href":"https:\/\/www.zunoticia.com\/noticias-de-hidalgo\/wp-json\/wp\/v2\/types\/post"}],"author":[{"embeddable":true,"href":"https:\/\/www.zunoticia.com\/noticias-de-hidalgo\/wp-json\/wp\/v2\/users\/12"}],"replies":[{"embeddable":true,"href":"https:\/\/www.zunoticia.com\/noticias-de-hidalgo\/wp-json\/wp\/v2\/comments?post=340057"}],"version-history":[{"count":0,"href":"https:\/\/www.zunoticia.com\/noticias-de-hidalgo\/wp-json\/wp\/v2\/posts\/340057\/revisions"}],"wp:featuredmedia":[{"embeddable":true,"href":"https:\/\/www.zunoticia.com\/noticias-de-hidalgo\/wp-json\/"}],"wp:attachment":[{"href":"https:\/\/www.zunoticia.com\/noticias-de-hidalgo\/wp-json\/wp\/v2\/media?parent=340057"}],"wp:term":[{"taxonomy":"category","embeddable":true,"href":"https:\/\/www.zunoticia.com\/noticias-de-hidalgo\/wp-json\/wp\/v2\/categories?post=340057"},{"taxonomy":"post_tag","embeddable":true,"href":"https:\/\/www.zunoticia.com\/noticias-de-hidalgo\/wp-json\/wp\/v2\/tags?post=340057"}],"curies":[{"name":"wp","href":"https:\/\/api.w.org\/{rel}","templated":true}]}}