{"id":340059,"date":"2020-03-31T01:06:40","date_gmt":"2020-03-31T07:06:40","guid":{"rendered":"http:\/\/www.zunoticia.com\/?p=340059"},"modified":"2020-03-31T01:06:40","modified_gmt":"2020-03-31T07:06:40","slug":"rehabilitan-espacios-para-personas-con-discapacidad","status":"publish","type":"post","link":"https:\/\/www.zunoticia.com\/noticias-de-hidalgo\/2020\/03\/31\/rehabilitan-espacios-para-personas-con-discapacidad\/","title":{"rendered":"Rehabilitan espacios para  personas con discapacidad"},"content":{"rendered":"<aside class=\"mashsb-container mashsb-main mashsb-stretched\"><div class=\"mashsb-box\"><div class=\"mashsb-count mash-large\" style=\"float:left\"><div class=\"counts mashsbcount\">0<\/div><span class=\"mashsb-sharetext\">SHARES<\/span><\/div><div class=\"mashsb-buttons\"><a class=\"mashicon-facebook mash-large mash-center mashsb-noshadow\" href=\"https:\/\/www.facebook.com\/sharer.php?u=https%3A%2F%2Fwww.zunoticia.com%2Fnoticias-de-hidalgo%2F2020%2F03%2F31%2Frehabilitan-espacios-para-personas-con-discapacidad%2F\" target=\"_top\" rel=\"nofollow\"><span class=\"icon\"><\/span><span class=\"text\">Share<\/span><\/a><a class=\"mashicon-twitter mash-large mash-center mashsb-noshadow\" href=\"https:\/\/twitter.com\/intent\/tweet?text=&amp;url=https:\/\/www.zunoticia.com\/noticias-de-hidalgo\/2020\/03\/31\/rehabilitan-espacios-para-personas-con-discapacidad\/\" target=\"_top\" rel=\"nofollow\"><span class=\"icon\"><\/span><span class=\"text\">Tweet<\/span><\/a><div class=\"onoffswitch2 mash-large mashsb-noshadow\" style=\"display:none\"><\/div><\/div>\n            <\/div>\n                <div style=\"clear:both\"><\/div><div class=\"mashsb-toggle-container\"><\/div><\/aside>\n            <!-- Share buttons by mashshare.net - Version: 4.0.47-->\n<p>Axtla de\nTerrazas, S.L.P.- Con la intenci\u00f3n de&nbsp; poder brindar los espacios de acceso\nadecuados a personas con discapacidad, las autoridades municipales, llevan a\ncabo los trabajos de mantenimiento en algunos lugares como es el caso de la entrada\nprincipal a la alcald\u00eda u oficinas en las que tengan que realizar alg\u00fan tipo de\ntr\u00e1mites. <\/p>\n\n\n\n<p>Lo anterior, con la finalidad de que las personas que\npadecen alg\u00fan tipo de discapacidad, cuenten con los espacios adecuados que\nfaciliten su movilidad, integraci\u00f3n y desarrollo en su vida cotidiana.<\/p>\n\n\n\n<p>Dichos espacios, no podr\u00e1n estar siendo utilizados por\notras personas que no cuenten con alguna discapacidad y solo ser\u00e1n permitidos a\nquienes sufren este tipo de problemas y que en ocasiones los limita a hacer su\nvida de manera normal como cualquier ciudadano.<\/p>\n\n\n\n<p>Por lo que se est\u00e1 solicitando a los automovilistas y\npoblaci\u00f3n en general a que respeten cada una de las \u00e1reas que han sido\ndispuestas para quienes sufren alguna discapacidad y con ello facilitar sus\ndesplazamiento hacia cualquier sitio al que vayan a acudir.<\/p>\n","protected":false},"excerpt":{"rendered":"<p>Axtla de Terrazas, S.L.P.- Con la intenci\u00f3n de&nbsp; poder brindar los espacios de acceso adecuados a personas con discapacidad, las autoridades municipales, llevan a cabo los trabajos de mantenimiento en algunos lugares como es el caso de la entrada principal a la alcald\u00eda u oficinas en las que tengan que realizar alg\u00fan tipo de tr\u00e1mites.&hellip; <a class=\"more-link\" href=\"https:\/\/www.zunoticia.com\/noticias-de-hidalgo\/2020\/03\/31\/rehabilitan-espacios-para-personas-con-discapacidad\/\">Seguir leyendo <span class=\"screen-reader-text\">Rehabilitan espacios para  personas con discapacidad<\/span><\/a><\/p>\n","protected":false},"author":12,"featured_media":340021,"comment_status":"open","ping_status":"open","sticky":false,"template":"","format":"standard","meta":{"rop_custom_images_group":[],"rop_custom_messages_group":[],"rop_publish_now":"initial","rop_publish_now_accounts":{"facebook_10159540855086992_322828327761733":""},"rop_publish_now_history":[],"rop_publish_now_status":"pending","footnotes":""},"categories":[1],"tags":[160],"class_list":["post-340059","post","type-post","status-publish","format-standard","has-post-thumbnail","hentry","category-sin-categoria","tag-axtla","entry"],"_links":{"self":[{"href":"https:\/\/www.zunoticia.com\/noticias-de-hidalgo\/wp-json\/wp\/v2\/posts\/340059","targetHints":{"allow":["GET"]}}],"collection":[{"href":"https:\/\/www.zunoticia.com\/noticias-de-hidalgo\/wp-json\/wp\/v2\/posts"}],"about":[{"href":"https:\/\/www.zunoticia.com\/noticias-de-hidalgo\/wp-json\/wp\/v2\/types\/post"}],"author":[{"embeddable":true,"href":"https:\/\/www.zunoticia.com\/noticias-de-hidalgo\/wp-json\/wp\/v2\/users\/12"}],"replies":[{"embeddable":true,"href":"https:\/\/www.zunoticia.com\/noticias-de-hidalgo\/wp-json\/wp\/v2\/comments?post=340059"}],"version-history":[{"count":0,"href":"https:\/\/www.zunoticia.com\/noticias-de-hidalgo\/wp-json\/wp\/v2\/posts\/340059\/revisions"}],"wp:featuredmedia":[{"embeddable":true,"href":"https:\/\/www.zunoticia.com\/noticias-de-hidalgo\/wp-json\/"}],"wp:attachment":[{"href":"https:\/\/www.zunoticia.com\/noticias-de-hidalgo\/wp-json\/wp\/v2\/media?parent=340059"}],"wp:term":[{"taxonomy":"category","embeddable":true,"href":"https:\/\/www.zunoticia.com\/noticias-de-hidalgo\/wp-json\/wp\/v2\/categories?post=340059"},{"taxonomy":"post_tag","embeddable":true,"href":"https:\/\/www.zunoticia.com\/noticias-de-hidalgo\/wp-json\/wp\/v2\/tags?post=340059"}],"curies":[{"name":"wp","href":"https:\/\/api.w.org\/{rel}","templated":true}]}}