{"id":340473,"date":"2020-04-01T11:03:38","date_gmt":"2020-04-01T17:03:38","guid":{"rendered":"http:\/\/www.zunoticia.com\/?p=340473"},"modified":"2020-04-01T11:03:38","modified_gmt":"2020-04-01T17:03:38","slug":"espiritu-en-oracion-en-tiempos-de-pandemia","status":"publish","type":"post","link":"https:\/\/www.zunoticia.com\/noticias-de-hidalgo\/2020\/04\/01\/espiritu-en-oracion-en-tiempos-de-pandemia\/","title":{"rendered":"Esp\u00edritu en oraci\u00f3n en tiempos de pandemia"},"content":{"rendered":"<aside class=\"mashsb-container mashsb-main mashsb-stretched\"><div class=\"mashsb-box\"><div class=\"mashsb-count mash-large\" style=\"float:left\"><div class=\"counts mashsbcount\">0<\/div><span class=\"mashsb-sharetext\">SHARES<\/span><\/div><div class=\"mashsb-buttons\"><a class=\"mashicon-facebook mash-large mash-center mashsb-noshadow\" href=\"https:\/\/www.facebook.com\/sharer.php?u=https%3A%2F%2Fwww.zunoticia.com%2Fnoticias-de-hidalgo%2F2020%2F04%2F01%2Fespiritu-en-oracion-en-tiempos-de-pandemia%2F\" target=\"_top\" rel=\"nofollow\"><span class=\"icon\"><\/span><span class=\"text\">Share<\/span><\/a><a class=\"mashicon-twitter mash-large mash-center mashsb-noshadow\" href=\"https:\/\/twitter.com\/intent\/tweet?text=&amp;url=https:\/\/www.zunoticia.com\/noticias-de-hidalgo\/2020\/04\/01\/espiritu-en-oracion-en-tiempos-de-pandemia\/\" target=\"_top\" rel=\"nofollow\"><span class=\"icon\"><\/span><span class=\"text\">Tweet<\/span><\/a><div class=\"onoffswitch2 mash-large mashsb-noshadow\" style=\"display:none\"><\/div><\/div>\n            <\/div>\n                <div style=\"clear:both\"><\/div><div class=\"mashsb-toggle-container\"><\/div><\/aside>\n            <!-- Share buttons by mashshare.net - Version: 4.0.47-->\n<p><strong>Yahualica, Hgo.- <\/strong>El Padre Sim\u00f3n Hern\u00e1ndez Alvarado, de la parroquia \u201cSan Juan Bautista\u201d de Yahualica, Hidalgo dijo que en esto tiempos dif\u00edciles de la pandemia es necesario propiciar un esp\u00edritu de oraci\u00f3n y estar en casa.<\/p>\n\n\n\n<p>&#8220;Invitar a\nla ciudan\u00eda en general, no solo a los cat\u00f3licos sino a todos a vivir estos d\u00edas\nen un esp\u00edritu de oraci\u00f3n, de recogimiento interior, atendiendo a la invitaci\u00f3n\nque no hacen las autoridades civiles y sanitarias de cuidar esta cuarentena de\nla pandemia, atendiendo tambi\u00e9n la invitaci\u00f3n de nuestro padre y pastor Jos\u00e9\nIrias Acosta Beltr\u00e1n de quedarse en casa y como familias cristianas, cat\u00f3licas,\npropiciar ese esp\u00edritu de oraci\u00f3n y encuentro, de recogimiento interior&#8221;\npronunci\u00f3 el p\u00e1rroco.<\/p>\n\n\n\n<p>Agreg\u00f3 &#8220;en\nesta ocasi\u00f3n, en las di\u00f3cesis del pa\u00eds y la parroquias se nos pide que\nguardemos en esta Semana santa un esp\u00edritu de fe y respeto estando en casa;\nDios quiera que todas las circunstancias que est\u00e1n viviendo en todo el mundo no\nsean mayores, todo sea para bien y de mucho provecho para todos&#8221;.<\/p>\n\n\n\n<p>M\u00e1s adelante\nrecalc\u00f3, que es una experiencia \u00fanica lo que estamos viviendo y debemos de\naprovechar nuestro tiempo en la lectura de la biblia, escombrando la casa y\ndedicando la lectura a un buen libro, una pel\u00edcula espiritual.<\/p>\n\n\n\n<p>El padre termino\ndiciendo &#8220;Se nos invita a interiorizar porque la invitaci\u00f3n que se nos\nhace _L\u00e1vate las manos_, es tambi\u00e9n como nuestra conciencia, nuestro coraz\u00f3n y\nnuestro esp\u00edritu, como nuestra relaci\u00f3n entre familia. No solo debemos de\nlavarnos con agua y jab\u00f3n, si no lavarnos en el coraz\u00f3n y el alma, pues que en\neste tiempo privilegiado para la oraci\u00f3n, el recogimiento interior, lo\naprovechemos y valoremos qued\u00e1ndonos en casa&#8221;.<\/p>\n\n\n\n<p> <em>Por Roberto Meza<\/em> <\/p>\n","protected":false},"excerpt":{"rendered":"<p>Yahualica, Hgo.- El Padre Sim\u00f3n Hern\u00e1ndez Alvarado, de la parroquia \u201cSan Juan Bautista\u201d de Yahualica, Hidalgo dijo que en esto tiempos dif\u00edciles de la pandemia es necesario propiciar un esp\u00edritu de oraci\u00f3n y estar en casa. &#8220;Invitar a la ciudan\u00eda en general, no solo a los cat\u00f3licos sino a todos a vivir estos d\u00edas en&hellip; <a class=\"more-link\" href=\"https:\/\/www.zunoticia.com\/noticias-de-hidalgo\/2020\/04\/01\/espiritu-en-oracion-en-tiempos-de-pandemia\/\">Seguir leyendo <span class=\"screen-reader-text\">Esp\u00edritu en oraci\u00f3n en tiempos de pandemia<\/span><\/a><\/p>\n","protected":false},"author":12,"featured_media":340446,"comment_status":"open","ping_status":"open","sticky":false,"template":"","format":"standard","meta":{"rop_custom_images_group":[],"rop_custom_messages_group":[],"rop_publish_now":"initial","rop_publish_now_accounts":{"facebook_10159540855086992_322828327761733":""},"rop_publish_now_history":[],"rop_publish_now_status":"pending","footnotes":""},"categories":[1],"tags":[123],"class_list":["post-340473","post","type-post","status-publish","format-standard","has-post-thumbnail","hentry","category-sin-categoria","tag-yahualica","entry"],"_links":{"self":[{"href":"https:\/\/www.zunoticia.com\/noticias-de-hidalgo\/wp-json\/wp\/v2\/posts\/340473","targetHints":{"allow":["GET"]}}],"collection":[{"href":"https:\/\/www.zunoticia.com\/noticias-de-hidalgo\/wp-json\/wp\/v2\/posts"}],"about":[{"href":"https:\/\/www.zunoticia.com\/noticias-de-hidalgo\/wp-json\/wp\/v2\/types\/post"}],"author":[{"embeddable":true,"href":"https:\/\/www.zunoticia.com\/noticias-de-hidalgo\/wp-json\/wp\/v2\/users\/12"}],"replies":[{"embeddable":true,"href":"https:\/\/www.zunoticia.com\/noticias-de-hidalgo\/wp-json\/wp\/v2\/comments?post=340473"}],"version-history":[{"count":0,"href":"https:\/\/www.zunoticia.com\/noticias-de-hidalgo\/wp-json\/wp\/v2\/posts\/340473\/revisions"}],"wp:featuredmedia":[{"embeddable":true,"href":"https:\/\/www.zunoticia.com\/noticias-de-hidalgo\/wp-json\/"}],"wp:attachment":[{"href":"https:\/\/www.zunoticia.com\/noticias-de-hidalgo\/wp-json\/wp\/v2\/media?parent=340473"}],"wp:term":[{"taxonomy":"category","embeddable":true,"href":"https:\/\/www.zunoticia.com\/noticias-de-hidalgo\/wp-json\/wp\/v2\/categories?post=340473"},{"taxonomy":"post_tag","embeddable":true,"href":"https:\/\/www.zunoticia.com\/noticias-de-hidalgo\/wp-json\/wp\/v2\/tags?post=340473"}],"curies":[{"name":"wp","href":"https:\/\/api.w.org\/{rel}","templated":true}]}}