{"id":340496,"date":"2020-04-01T11:40:51","date_gmt":"2020-04-01T17:40:51","guid":{"rendered":"http:\/\/www.zunoticia.com\/?p=340496"},"modified":"2020-04-01T11:40:51","modified_gmt":"2020-04-01T17:40:51","slug":"el-viernes-ultimo-dia-de-labores-en-la-alcaldia-por-periodo-vacacional","status":"publish","type":"post","link":"https:\/\/www.zunoticia.com\/noticias-de-hidalgo\/2020\/04\/01\/el-viernes-ultimo-dia-de-labores-en-la-alcaldia-por-periodo-vacacional\/","title":{"rendered":"El viernes, \u00faltimo d\u00eda de labores en la Alcald\u00eda por periodo vacacional"},"content":{"rendered":"<aside class=\"mashsb-container mashsb-main mashsb-stretched\"><div class=\"mashsb-box\"><div class=\"mashsb-count mash-large\" style=\"float:left\"><div class=\"counts mashsbcount\">0<\/div><span class=\"mashsb-sharetext\">SHARES<\/span><\/div><div class=\"mashsb-buttons\"><a class=\"mashicon-facebook mash-large mash-center mashsb-noshadow\" href=\"https:\/\/www.facebook.com\/sharer.php?u=https%3A%2F%2Fwww.zunoticia.com%2Fnoticias-de-hidalgo%2F2020%2F04%2F01%2Fel-viernes-ultimo-dia-de-labores-en-la-alcaldia-por-periodo-vacacional%2F\" target=\"_top\" rel=\"nofollow\"><span class=\"icon\"><\/span><span class=\"text\">Share<\/span><\/a><a class=\"mashicon-twitter mash-large mash-center mashsb-noshadow\" href=\"https:\/\/twitter.com\/intent\/tweet?text=&amp;url=https:\/\/www.zunoticia.com\/noticias-de-hidalgo\/2020\/04\/01\/el-viernes-ultimo-dia-de-labores-en-la-alcaldia-por-periodo-vacacional\/\" target=\"_top\" rel=\"nofollow\"><span class=\"icon\"><\/span><span class=\"text\">Tweet<\/span><\/a><div class=\"onoffswitch2 mash-large mashsb-noshadow\" style=\"display:none\"><\/div><\/div>\n            <\/div>\n                <div style=\"clear:both\"><\/div><div class=\"mashsb-toggle-container\"><\/div><\/aside>\n            <!-- Share buttons by mashshare.net - Version: 4.0.47-->\n<p><em>Alumbrado P\u00fablico, Agua Potable y Recolecci\u00f3n permanecer\u00e1n trabajando en beneficio de la poblaci\u00f3n. <\/em><\/p>\n\n\n\n<p><strong>Tlanchinol, Hgo.- <\/strong>Este viernes ser\u00e1 el \u00faltimo d\u00eda de funciones en las \u00e1reas administrativas de la alcald\u00eda, pues a partir del siguiente lunes arranca el periodo vacacional para trabajadores municipales.<\/p>\n\n\n\n<p>El gobierno\nmunicipal que preside Pablo Salazar Hern\u00e1ndez, inform\u00f3 que a partir del\nsiguiente lunes dar\u00e1 inicio un receso por el periodo vacacional en las \u00e1reas\nadministrativas del ayuntamiento, como en cada temporada de suspensi\u00f3n los departamentos\nde prioridad seguir\u00e1n atendiendo para brindar servicio a la ciudadan\u00eda.<\/p>\n\n\n\n<p>Ser\u00e1n las\n\u00e1reas de Alumbrado P\u00fablico, Agua Potable y Recolecci\u00f3n las que permanecer\u00e1n\ntrabajando, a la vez la direcci\u00f3n de Seguridad P\u00fablica Municipal y Protecci\u00f3n\nCivil se mantendr\u00e1n al tanto de cualquier situaci\u00f3n de emergencia que pudiera\npresentarse.<\/p>\n\n\n\n<p>El gobierno\nmunicipal hizo un llamado a la poblaci\u00f3n para que sigan atendiendo las\nrecomendaciones de salud y eviten ponerse en riesgo al salir a pasear durante\nlos d\u00edas de asueto, exhortaron a que se mantengan en sus casas respetando la\nllamada Cuarentena, establecida por la Secretar\u00eda de Salud con la cual buscan\ncontrolar la propagaci\u00f3n del Coronavirus.<\/p>\n\n\n\n<p>Por \u00faltimo\ninformaron, que estos d\u00edas en que no habr\u00e1 actividad en la alcald\u00eda, ayudar\u00e1 a\nlos trabajadores municipales a que aumenten las medidas preventivas desde sus\ncasas.<\/p>\n\n\n\n<p> <em>Por Rosa Ocejo \u00c1ngeles. <\/em> <\/p>\n","protected":false},"excerpt":{"rendered":"<p>Alumbrado P\u00fablico, Agua Potable y Recolecci\u00f3n permanecer\u00e1n trabajando en beneficio de la poblaci\u00f3n. Tlanchinol, Hgo.- Este viernes ser\u00e1 el \u00faltimo d\u00eda de funciones en las \u00e1reas administrativas de la alcald\u00eda, pues a partir del siguiente lunes arranca el periodo vacacional para trabajadores municipales. El gobierno municipal que preside Pablo Salazar Hern\u00e1ndez, inform\u00f3 que a partir&hellip; <a class=\"more-link\" href=\"https:\/\/www.zunoticia.com\/noticias-de-hidalgo\/2020\/04\/01\/el-viernes-ultimo-dia-de-labores-en-la-alcaldia-por-periodo-vacacional\/\">Seguir leyendo <span class=\"screen-reader-text\">El viernes, \u00faltimo d\u00eda de labores en la Alcald\u00eda por periodo vacacional<\/span><\/a><\/p>\n","protected":false},"author":12,"featured_media":340457,"comment_status":"open","ping_status":"open","sticky":false,"template":"","format":"standard","meta":{"rop_custom_images_group":[],"rop_custom_messages_group":[],"rop_publish_now":"initial","rop_publish_now_accounts":{"facebook_10159540855086992_322828327761733":""},"rop_publish_now_history":[],"rop_publish_now_status":"pending","footnotes":""},"categories":[1],"tags":[127],"class_list":["post-340496","post","type-post","status-publish","format-standard","has-post-thumbnail","hentry","category-sin-categoria","tag-tlanchinol","entry"],"_links":{"self":[{"href":"https:\/\/www.zunoticia.com\/noticias-de-hidalgo\/wp-json\/wp\/v2\/posts\/340496","targetHints":{"allow":["GET"]}}],"collection":[{"href":"https:\/\/www.zunoticia.com\/noticias-de-hidalgo\/wp-json\/wp\/v2\/posts"}],"about":[{"href":"https:\/\/www.zunoticia.com\/noticias-de-hidalgo\/wp-json\/wp\/v2\/types\/post"}],"author":[{"embeddable":true,"href":"https:\/\/www.zunoticia.com\/noticias-de-hidalgo\/wp-json\/wp\/v2\/users\/12"}],"replies":[{"embeddable":true,"href":"https:\/\/www.zunoticia.com\/noticias-de-hidalgo\/wp-json\/wp\/v2\/comments?post=340496"}],"version-history":[{"count":0,"href":"https:\/\/www.zunoticia.com\/noticias-de-hidalgo\/wp-json\/wp\/v2\/posts\/340496\/revisions"}],"wp:featuredmedia":[{"embeddable":true,"href":"https:\/\/www.zunoticia.com\/noticias-de-hidalgo\/wp-json\/"}],"wp:attachment":[{"href":"https:\/\/www.zunoticia.com\/noticias-de-hidalgo\/wp-json\/wp\/v2\/media?parent=340496"}],"wp:term":[{"taxonomy":"category","embeddable":true,"href":"https:\/\/www.zunoticia.com\/noticias-de-hidalgo\/wp-json\/wp\/v2\/categories?post=340496"},{"taxonomy":"post_tag","embeddable":true,"href":"https:\/\/www.zunoticia.com\/noticias-de-hidalgo\/wp-json\/wp\/v2\/tags?post=340496"}],"curies":[{"name":"wp","href":"https:\/\/api.w.org\/{rel}","templated":true}]}}