{"id":343145,"date":"2020-12-13T03:39:10","date_gmt":"2020-12-13T09:39:10","guid":{"rendered":"http:\/\/www.zunoticia.com\/nuevo\/snl-new\/?p=343145"},"modified":"2020-12-13T03:39:10","modified_gmt":"2020-12-13T09:39:10","slug":"intensifican-recomendaciones-por-el-riesgo-de-contagios","status":"publish","type":"post","link":"https:\/\/www.zunoticia.com\/noticias-de-hidalgo\/2020\/12\/13\/intensifican-recomendaciones-por-el-riesgo-de-contagios\/","title":{"rendered":"Intensifican recomendaciones por el riesgo de contagios"},"content":{"rendered":"<aside class=\"mashsb-container mashsb-main mashsb-stretched\"><div class=\"mashsb-box\"><div class=\"mashsb-count mash-large\" style=\"float:left\"><div class=\"counts mashsbcount\">0<\/div><span class=\"mashsb-sharetext\">SHARES<\/span><\/div><div class=\"mashsb-buttons\"><a class=\"mashicon-facebook mash-large mash-center mashsb-noshadow\" href=\"https:\/\/www.facebook.com\/sharer.php?u=https%3A%2F%2Fwww.zunoticia.com%2Fnoticias-de-hidalgo%2F2020%2F12%2F13%2Fintensifican-recomendaciones-por-el-riesgo-de-contagios%2F\" target=\"_top\" rel=\"nofollow\"><span class=\"icon\"><\/span><span class=\"text\">Share<\/span><\/a><a class=\"mashicon-twitter mash-large mash-center mashsb-noshadow\" href=\"https:\/\/twitter.com\/intent\/tweet?text=&amp;url=https:\/\/www.zunoticia.com\/noticias-de-hidalgo\/2020\/12\/13\/intensifican-recomendaciones-por-el-riesgo-de-contagios\/\" target=\"_top\" rel=\"nofollow\"><span class=\"icon\"><\/span><span class=\"text\">Tweet<\/span><\/a><div class=\"onoffswitch2 mash-large mashsb-noshadow\" style=\"display:none\"><\/div><\/div>\n            <\/div>\n                <div style=\"clear:both\"><\/div><div class=\"mashsb-toggle-container\"><\/div><\/aside>\n            <!-- Share buttons by mashshare.net - Version: 4.0.47--><div class=\"block-editor-block-list__layout is-root-container\">\n<ul id=\"block-96938fdf-c324-4b93-84ad-a3463f2382fa\" class=\"block-editor-block-list__block wp-block rich-text block-editor-rich-text__editable wp-block\" tabindex=\"0\" role=\"textbox\" aria-label=\"Escribe una lista\u2026\" aria-multiline=\"true\" data-block=\"96938fdf-c324-4b93-84ad-a3463f2382fa\" data-type=\"core\/list\" data-title=\"Lista\">\n<li><em data-rich-text-format-boundary=\"true\">Alipio Flores refiri\u00f3 que depende de la poblaci\u00f3n hacer conciencia y atender las medidas, ya que no basta con realizar campa\u00f1as. <\/em><\/li>\n<\/ul>\n<p id=\"block-9b70f309-65e7-4fee-b991-834852de8838\" class=\"block-editor-block-list__block wp-block rich-text block-editor-rich-text__editable wp-block\" tabindex=\"0\" role=\"textbox\" aria-label=\"Bloque de p\u00e1rrafo\" aria-multiline=\"true\" data-block=\"9b70f309-65e7-4fee-b991-834852de8838\" data-type=\"core\/paragraph\" data-title=\"P\u00e1rrafo\"><strong>Atlapexco, Hgo.-<\/strong>Tras un largo proceso que pas\u00f3 desde la incredulidad total, hasta llegar a la concientizaci\u00f3n, el uso del cubrebocas durante la pandemia del Covid-19, se ha ido intensificando en el municipio.<\/p>\n<p id=\"block-560c03b8-128b-436d-b9e8-7ac15bd80cdc\" class=\"block-editor-block-list__block wp-block rich-text block-editor-rich-text__editable wp-block\" tabindex=\"0\" role=\"textbox\" aria-label=\"Bloque de p\u00e1rrafo\" aria-multiline=\"true\" data-block=\"560c03b8-128b-436d-b9e8-7ac15bd80cdc\" data-type=\"core\/paragraph\" data-title=\"P\u00e1rrafo\">Al respecto \u00a0el Ingeniero Alipio Flores Ordaz manifest\u00f3 que la gente est\u00e1 haciendo uso de raz\u00f3n y est\u00e1 tomando con seriedad los riesgos que implican infectarse del virus del Covid-19.<\/p>\n<p id=\"block-555836ee-c209-4a5c-a96d-1041c27f9d20\" class=\"block-editor-block-list__block wp-block rich-text block-editor-rich-text__editable wp-block\" tabindex=\"0\" role=\"textbox\" aria-label=\"Bloque de p\u00e1rrafo\" aria-multiline=\"true\" data-block=\"555836ee-c209-4a5c-a96d-1041c27f9d20\" data-type=\"core\/paragraph\" data-title=\"P\u00e1rrafo\">Indic\u00f3 que desgraciadamente en la actualidad muchas personas tienen casos de alg\u00fan familiar que est\u00e1 enfermo u otros que ya han fallecido, lo que ha ido aumentado la credibilidad e incluso temor en la gente de que hay un grave riesgo de salud si no se atienden las medidas sanitarias.<\/p>\n<p id=\"block-6f33a322-b0ae-4cc3-813a-1f07077766c2\" class=\"block-editor-block-list__block wp-block rich-text block-editor-rich-text__editable wp-block\" tabindex=\"0\" role=\"textbox\" aria-label=\"Bloque de p\u00e1rrafo\" aria-multiline=\"true\" data-block=\"6f33a322-b0ae-4cc3-813a-1f07077766c2\" data-type=\"core\/paragraph\" data-title=\"P\u00e1rrafo\">Refiri\u00f3 que depende de la poblaci\u00f3n hacer conciencia y atender las medidas, ya que no basta que se realicen campa\u00f1as a diario, se regalen cubrebocas o se vigile a la gente al subir a las unidades de transporte p\u00fablico, \u201ces un asunto de conciencia, de respeto por la vida y por la salud de los dem\u00e1s\u201d.<\/p>\n<p id=\"block-3248d003-c09f-4e70-9212-41ffda7242ea\" class=\"block-editor-block-list__block wp-block rich-text block-editor-rich-text__editable wp-block\" tabindex=\"0\" role=\"textbox\" aria-label=\"Bloque de p\u00e1rrafo\" aria-multiline=\"true\" data-block=\"3248d003-c09f-4e70-9212-41ffda7242ea\" data-type=\"core\/paragraph\" data-title=\"P\u00e1rrafo\">Por ello mucha gente por s\u00ed sola ya asiste a los tianguis y camina en la calle usando este tipo de aditamentos, adem\u00e1s en estas fechas son m\u00e1s propensos los contagios, debido a los tiempos de cambio clim\u00e1tico constantes.<\/p>\n<p id=\"block-13fd39e6-699c-4caf-a9a9-058fbc3b4015\" class=\"block-editor-block-list__block wp-block rich-text block-editor-rich-text__editable wp-block\" tabindex=\"0\" role=\"textbox\" aria-label=\"Bloque de p\u00e1rrafo\" aria-multiline=\"true\" data-block=\"13fd39e6-699c-4caf-a9a9-058fbc3b4015\" data-type=\"core\/paragraph\" data-title=\"P\u00e1rrafo\"><em>Por Zunoticia\/Redacci\u00f3n.<\/em><\/p>\n<\/div>\n","protected":false},"excerpt":{"rendered":"<p>Alipio Flores refiri\u00f3 que depende de la poblaci\u00f3n hacer conciencia y atender las medidas, ya que no basta con realizar campa\u00f1as. Atlapexco, Hgo.-Tras un largo proceso que pas\u00f3 desde la incredulidad total, hasta llegar a la concientizaci\u00f3n, el uso del cubrebocas durante la pandemia del Covid-19, se ha ido intensificando en el municipio. Al respecto&hellip; <a class=\"more-link\" href=\"https:\/\/www.zunoticia.com\/noticias-de-hidalgo\/2020\/12\/13\/intensifican-recomendaciones-por-el-riesgo-de-contagios\/\">Seguir leyendo <span class=\"screen-reader-text\">Intensifican recomendaciones por el riesgo de contagios<\/span><\/a><\/p>\n","protected":false},"author":12,"featured_media":343063,"comment_status":"open","ping_status":"open","sticky":false,"template":"","format":"standard","meta":{"rop_custom_images_group":[],"rop_custom_messages_group":[],"rop_publish_now":"initial","rop_publish_now_accounts":{"facebook_10159540855086992_322828327761733":""},"rop_publish_now_history":[],"rop_publish_now_status":"pending","footnotes":""},"categories":[182,179],"tags":[133],"class_list":["post-343145","post","type-post","status-publish","format-standard","has-post-thumbnail","hentry","category-atlapexco","category-huasteca","tag-atlapexco","entry"],"_links":{"self":[{"href":"https:\/\/www.zunoticia.com\/noticias-de-hidalgo\/wp-json\/wp\/v2\/posts\/343145","targetHints":{"allow":["GET"]}}],"collection":[{"href":"https:\/\/www.zunoticia.com\/noticias-de-hidalgo\/wp-json\/wp\/v2\/posts"}],"about":[{"href":"https:\/\/www.zunoticia.com\/noticias-de-hidalgo\/wp-json\/wp\/v2\/types\/post"}],"author":[{"embeddable":true,"href":"https:\/\/www.zunoticia.com\/noticias-de-hidalgo\/wp-json\/wp\/v2\/users\/12"}],"replies":[{"embeddable":true,"href":"https:\/\/www.zunoticia.com\/noticias-de-hidalgo\/wp-json\/wp\/v2\/comments?post=343145"}],"version-history":[{"count":1,"href":"https:\/\/www.zunoticia.com\/noticias-de-hidalgo\/wp-json\/wp\/v2\/posts\/343145\/revisions"}],"predecessor-version":[{"id":343163,"href":"https:\/\/www.zunoticia.com\/noticias-de-hidalgo\/wp-json\/wp\/v2\/posts\/343145\/revisions\/343163"}],"wp:featuredmedia":[{"embeddable":true,"href":"https:\/\/www.zunoticia.com\/noticias-de-hidalgo\/wp-json\/wp\/v2\/media\/343063"}],"wp:attachment":[{"href":"https:\/\/www.zunoticia.com\/noticias-de-hidalgo\/wp-json\/wp\/v2\/media?parent=343145"}],"wp:term":[{"taxonomy":"category","embeddable":true,"href":"https:\/\/www.zunoticia.com\/noticias-de-hidalgo\/wp-json\/wp\/v2\/categories?post=343145"},{"taxonomy":"post_tag","embeddable":true,"href":"https:\/\/www.zunoticia.com\/noticias-de-hidalgo\/wp-json\/wp\/v2\/tags?post=343145"}],"curies":[{"name":"wp","href":"https:\/\/api.w.org\/{rel}","templated":true}]}}