{"id":348921,"date":"2021-01-15T09:45:43","date_gmt":"2021-01-15T15:45:43","guid":{"rendered":"http:\/\/www.zunoticia.com\/nuevo\/snl-new\/?p=348921"},"modified":"2021-01-15T09:45:43","modified_gmt":"2021-01-15T15:45:43","slug":"programas-definidos-aplicara-dif-en-2021","status":"publish","type":"post","link":"https:\/\/www.zunoticia.com\/noticias-de-hidalgo\/2021\/01\/15\/programas-definidos-aplicara-dif-en-2021\/","title":{"rendered":"Programas definidos aplicar\u00e1 DIF en 2021"},"content":{"rendered":"<aside class=\"mashsb-container mashsb-main mashsb-stretched\"><div class=\"mashsb-box\"><div class=\"mashsb-count mash-large\" style=\"float:left\"><div class=\"counts mashsbcount\">0<\/div><span class=\"mashsb-sharetext\">SHARES<\/span><\/div><div class=\"mashsb-buttons\"><a class=\"mashicon-facebook mash-large mash-center mashsb-noshadow\" href=\"https:\/\/www.facebook.com\/sharer.php?u=https%3A%2F%2Fwww.zunoticia.com%2Fnoticias-de-hidalgo%2F2021%2F01%2F15%2Fprogramas-definidos-aplicara-dif-en-2021%2F\" target=\"_top\" rel=\"nofollow\"><span class=\"icon\"><\/span><span class=\"text\">Share<\/span><\/a><a class=\"mashicon-twitter mash-large mash-center mashsb-noshadow\" href=\"https:\/\/twitter.com\/intent\/tweet?text=&amp;url=https:\/\/www.zunoticia.com\/noticias-de-hidalgo\/2021\/01\/15\/programas-definidos-aplicara-dif-en-2021\/\" target=\"_top\" rel=\"nofollow\"><span class=\"icon\"><\/span><span class=\"text\">Tweet<\/span><\/a><div class=\"onoffswitch2 mash-large mashsb-noshadow\" style=\"display:none\"><\/div><\/div>\n            <\/div>\n                <div style=\"clear:both\"><\/div><div class=\"mashsb-toggle-container\"><\/div><\/aside>\n            <!-- Share buttons by mashshare.net - Version: 4.0.47--><p id=\"block-bb62f2c7-bb05-4f6f-98e5-ca1a59236b26\" class=\"block-editor-block-list__block wp-block rich-text block-editor-rich-text__editable is-hovered wp-block\" tabindex=\"0\" role=\"textbox\" aria-label=\"Bloque de p\u00e1rrafo\" aria-multiline=\"true\" data-block=\"bb62f2c7-bb05-4f6f-98e5-ca1a59236b26\" data-type=\"core\/paragraph\" data-title=\"P\u00e1rrafo\"><strong data-rich-text-format-boundary=\"true\">Yahualica, Hgo.-<\/strong> Como parte de las acciones que habr\u00e1 de emprender el Sistema Municipal DIF para ayudar a todas las personas en vulnerabilidad, este organismo\u00a0 ya tiene definidos los programas para este a\u00f1o, que se aplicar\u00e1n en las comunidades m\u00e1s apartadas.<\/p>\n<p id=\"block-bdb3467c-6cf2-49ba-8024-e3c1aa4a147d\" class=\"block-editor-block-list__block wp-block rich-text block-editor-rich-text__editable wp-block\" tabindex=\"0\" role=\"textbox\" aria-label=\"Bloque de p\u00e1rrafo\" aria-multiline=\"true\" data-block=\"bdb3467c-6cf2-49ba-8024-e3c1aa4a147d\" data-type=\"core\/paragraph\" data-title=\"P\u00e1rrafo\">Informaron, que con el apoyo del DIF estatal y nacional se podr\u00e1 ayudar a mucha gente en extrema pobreza mediante esas acciones conjuntas, los programas ser\u00e1n dirigidos a las personas que realmente lo necesitan, \u201cacciones que se llevar\u00e1n en coordinaci\u00f3n con los comit\u00e9s de mujeres, que son elegidas en las localidades\u201d.<\/p>\n<p id=\"block-95295470-ccc2-43c9-bbe8-8aa7d3f8d613\" class=\"block-editor-block-list__block wp-block rich-text block-editor-rich-text__editable wp-block\" tabindex=\"0\" role=\"textbox\" aria-label=\"Bloque de p\u00e1rrafo\" aria-multiline=\"true\" data-block=\"95295470-ccc2-43c9-bbe8-8aa7d3f8d613\" data-type=\"core\/paragraph\" data-title=\"P\u00e1rrafo\">Asimismo, con recursos propios se estar\u00e1n aplicando en este a\u00f1o muchos apoyos en medicinas, traslados de enfermos y otros, con el respaldo del El\u00edas San Juan quien siempre est\u00e1 preocupado por la gente m\u00e1s desprotegida.<\/p>\n<p id=\"block-f599caf3-a7bc-4f77-94b3-22f0d15b7452\" class=\"block-editor-block-list__block wp-block rich-text block-editor-rich-text__editable wp-block\" tabindex=\"0\" role=\"textbox\" aria-label=\"Bloque de p\u00e1rrafo\" aria-multiline=\"true\" data-block=\"f599caf3-a7bc-4f77-94b3-22f0d15b7452\" data-type=\"core\/paragraph\" data-title=\"P\u00e1rrafo\">Por \u00faltimo, invitan a las nuevas autoridades de las localidades a que se acerquen a las oficinas del DIF local y pregunten por los diferentes programas que ah\u00ed se manejan para poder apoyar.<\/p>\n<p id=\"block-73775f66-a574-48e5-a961-a46620ce03ed\" class=\"block-editor-block-list__block wp-block rich-text block-editor-rich-text__editable wp-block\" tabindex=\"0\" role=\"textbox\" aria-label=\"Bloque de p\u00e1rrafo\" aria-multiline=\"true\" data-block=\"73775f66-a574-48e5-a961-a46620ce03ed\" data-type=\"core\/paragraph\" data-title=\"P\u00e1rrafo\"><em>Por Roberto Meza<\/em><\/p>\n","protected":false},"excerpt":{"rendered":"<p>Yahualica, Hgo.- Como parte de las acciones que habr\u00e1 de emprender el Sistema Municipal DIF para ayudar a todas las personas en vulnerabilidad, este organismo\u00a0 ya tiene definidos los programas para este a\u00f1o, que se aplicar\u00e1n en las comunidades m\u00e1s apartadas. Informaron, que con el apoyo del DIF estatal y nacional se podr\u00e1 ayudar a&hellip; <a class=\"more-link\" href=\"https:\/\/www.zunoticia.com\/noticias-de-hidalgo\/2021\/01\/15\/programas-definidos-aplicara-dif-en-2021\/\">Seguir leyendo <span class=\"screen-reader-text\">Programas definidos aplicar\u00e1 DIF en 2021<\/span><\/a><\/p>\n","protected":false},"author":12,"featured_media":348853,"comment_status":"open","ping_status":"open","sticky":false,"template":"","format":"standard","meta":{"rop_custom_images_group":[],"rop_custom_messages_group":[],"rop_publish_now":"initial","rop_publish_now_accounts":{"facebook_10159540855086992_322828327761733":""},"rop_publish_now_history":[],"rop_publish_now_status":"pending","footnotes":""},"categories":[179,203],"tags":[123],"class_list":["post-348921","post","type-post","status-publish","format-standard","has-post-thumbnail","hentry","category-huasteca","category-yahualica","tag-yahualica","entry"],"_links":{"self":[{"href":"https:\/\/www.zunoticia.com\/noticias-de-hidalgo\/wp-json\/wp\/v2\/posts\/348921","targetHints":{"allow":["GET"]}}],"collection":[{"href":"https:\/\/www.zunoticia.com\/noticias-de-hidalgo\/wp-json\/wp\/v2\/posts"}],"about":[{"href":"https:\/\/www.zunoticia.com\/noticias-de-hidalgo\/wp-json\/wp\/v2\/types\/post"}],"author":[{"embeddable":true,"href":"https:\/\/www.zunoticia.com\/noticias-de-hidalgo\/wp-json\/wp\/v2\/users\/12"}],"replies":[{"embeddable":true,"href":"https:\/\/www.zunoticia.com\/noticias-de-hidalgo\/wp-json\/wp\/v2\/comments?post=348921"}],"version-history":[{"count":1,"href":"https:\/\/www.zunoticia.com\/noticias-de-hidalgo\/wp-json\/wp\/v2\/posts\/348921\/revisions"}],"predecessor-version":[{"id":348943,"href":"https:\/\/www.zunoticia.com\/noticias-de-hidalgo\/wp-json\/wp\/v2\/posts\/348921\/revisions\/348943"}],"wp:featuredmedia":[{"embeddable":true,"href":"https:\/\/www.zunoticia.com\/noticias-de-hidalgo\/wp-json\/wp\/v2\/media\/348853"}],"wp:attachment":[{"href":"https:\/\/www.zunoticia.com\/noticias-de-hidalgo\/wp-json\/wp\/v2\/media?parent=348921"}],"wp:term":[{"taxonomy":"category","embeddable":true,"href":"https:\/\/www.zunoticia.com\/noticias-de-hidalgo\/wp-json\/wp\/v2\/categories?post=348921"},{"taxonomy":"post_tag","embeddable":true,"href":"https:\/\/www.zunoticia.com\/noticias-de-hidalgo\/wp-json\/wp\/v2\/tags?post=348921"}],"curies":[{"name":"wp","href":"https:\/\/api.w.org\/{rel}","templated":true}]}}