{"id":349668,"date":"2021-01-20T11:00:50","date_gmt":"2021-01-20T17:00:50","guid":{"rendered":"http:\/\/www.zunoticia.com\/noticias-de-hidalgo\/?p=349668"},"modified":"2021-01-20T11:00:50","modified_gmt":"2021-01-20T17:00:50","slug":"nombran-delegado-en-la-cabecera-de-yahualica","status":"publish","type":"post","link":"https:\/\/www.zunoticia.com\/noticias-de-hidalgo\/2021\/01\/20\/nombran-delegado-en-la-cabecera-de-yahualica\/","title":{"rendered":"Nombran delegado en la\u00a0cabecera de Yahualica"},"content":{"rendered":"<aside class=\"mashsb-container mashsb-main mashsb-stretched\"><div class=\"mashsb-box\"><div class=\"mashsb-count mash-large\" style=\"float:left\"><div class=\"counts mashsbcount\">0<\/div><span class=\"mashsb-sharetext\">SHARES<\/span><\/div><div class=\"mashsb-buttons\"><a class=\"mashicon-facebook mash-large mash-center mashsb-noshadow\" href=\"https:\/\/www.facebook.com\/sharer.php?u=https%3A%2F%2Fwww.zunoticia.com%2Fnoticias-de-hidalgo%2F2021%2F01%2F20%2Fnombran-delegado-en-la-cabecera-de-yahualica%2F\" target=\"_top\" rel=\"nofollow\"><span class=\"icon\"><\/span><span class=\"text\">Share<\/span><\/a><a class=\"mashicon-twitter mash-large mash-center mashsb-noshadow\" href=\"https:\/\/twitter.com\/intent\/tweet?text=&amp;url=https:\/\/www.zunoticia.com\/noticias-de-hidalgo\/2021\/01\/20\/nombran-delegado-en-la-cabecera-de-yahualica\/\" target=\"_top\" rel=\"nofollow\"><span class=\"icon\"><\/span><span class=\"text\">Tweet<\/span><\/a><div class=\"onoffswitch2 mash-large mashsb-noshadow\" style=\"display:none\"><\/div><\/div>\n            <\/div>\n                <div style=\"clear:both\"><\/div><div class=\"mashsb-toggle-container\"><\/div><\/aside>\n            <!-- Share buttons by mashshare.net - Version: 4.0.47--><ul>\n<li><em>Despu\u00e9s de 40 a\u00f1os se eligi\u00f3 por decisi\u00f3n de la mayor\u00eda de los vecinos y se tom\u00f3 la protesta de ley.\u00a0<\/em><\/li>\n<\/ul>\n<p>&nbsp;<\/p>\n<p><strong>Yahualica, Hgo.-<\/strong> El Licenciado Francisco Aguado Hern\u00e1ndez, ex secretario del comit\u00e9 de gesti\u00f3n de la cabecera de Yahualica, se\u00f1al\u00f3 que en un hist\u00f3rico acontecimiento para este municipio se eligi\u00f3 a un nuevo delegado despu\u00e9s de 40 a\u00f1os que de que no exist\u00eda esta figura.<\/p>\n<p>En este sentido se\u00f1al\u00f3 &#8220;la asamblea del pueblo tuvo a bien en elegir a un delegado municipal despu\u00e9s de 40 a\u00f1os, en donde 10 a\u00f1os se estuvo trabajando con un comit\u00e9 de gesti\u00f3n a favor de la cabecera de Yahualica, los cambios van requiriendo de ese delegado como ya se hab\u00eda establecido y hoy en d\u00eda el pueblo tambi\u00e9n se pone a la vanguardia con esta modalidad que reclama la ley org\u00e1nica municipal&#8221;.<\/p>\n<p>En seguida coment\u00f3, que el nuevo delegado recay\u00f3 en la responsabilidad del profesor Manuel Bernardino Cuevas; c\u00f3mo secretaria Margarita Lara Aguado y como tesorero Ad\u00e1n Hern\u00e1ndez Hern\u00e1ndez.<\/p>\n<p>Resalt\u00f3, que fue en una reuni\u00f3n que se llev\u00f3 el pasado fin de semana, cuando la mayor\u00eda de la asamblea de vecinos nombraron al nuevo delegado, quien ya tom\u00f3 protesta con su comitiva, por lo que invit\u00f3 a todos los habitantes de la cabecera municipal a que se sumen a las acciones que emprender\u00e1 esta nueva administraci\u00f3n delegacional.<\/p>\n<p>&nbsp;<\/p>\n<p><em>Por Roberto Meza<\/em><\/p>\n","protected":false},"excerpt":{"rendered":"<p>Despu\u00e9s de 40 a\u00f1os se eligi\u00f3 por decisi\u00f3n de la mayor\u00eda de los vecinos y se tom\u00f3 la protesta de ley.\u00a0 &nbsp; Yahualica, Hgo.- El Licenciado Francisco Aguado Hern\u00e1ndez, ex secretario del comit\u00e9 de gesti\u00f3n de la cabecera de Yahualica, se\u00f1al\u00f3 que en un hist\u00f3rico acontecimiento para este municipio se eligi\u00f3 a un nuevo delegado&hellip; <a class=\"more-link\" href=\"https:\/\/www.zunoticia.com\/noticias-de-hidalgo\/2021\/01\/20\/nombran-delegado-en-la-cabecera-de-yahualica\/\">Seguir leyendo <span class=\"screen-reader-text\">Nombran delegado en la\u00a0cabecera de Yahualica<\/span><\/a><\/p>\n","protected":false},"author":12,"featured_media":349599,"comment_status":"open","ping_status":"open","sticky":false,"template":"","format":"standard","meta":{"rop_custom_images_group":[],"rop_custom_messages_group":[],"rop_publish_now":"initial","rop_publish_now_accounts":{"facebook_10159540855086992_322828327761733":""},"rop_publish_now_history":[],"rop_publish_now_status":"pending","footnotes":""},"categories":[179,203],"tags":[123],"class_list":["post-349668","post","type-post","status-publish","format-standard","has-post-thumbnail","hentry","category-huasteca","category-yahualica","tag-yahualica","entry"],"_links":{"self":[{"href":"https:\/\/www.zunoticia.com\/noticias-de-hidalgo\/wp-json\/wp\/v2\/posts\/349668","targetHints":{"allow":["GET"]}}],"collection":[{"href":"https:\/\/www.zunoticia.com\/noticias-de-hidalgo\/wp-json\/wp\/v2\/posts"}],"about":[{"href":"https:\/\/www.zunoticia.com\/noticias-de-hidalgo\/wp-json\/wp\/v2\/types\/post"}],"author":[{"embeddable":true,"href":"https:\/\/www.zunoticia.com\/noticias-de-hidalgo\/wp-json\/wp\/v2\/users\/12"}],"replies":[{"embeddable":true,"href":"https:\/\/www.zunoticia.com\/noticias-de-hidalgo\/wp-json\/wp\/v2\/comments?post=349668"}],"version-history":[{"count":1,"href":"https:\/\/www.zunoticia.com\/noticias-de-hidalgo\/wp-json\/wp\/v2\/posts\/349668\/revisions"}],"predecessor-version":[{"id":349705,"href":"https:\/\/www.zunoticia.com\/noticias-de-hidalgo\/wp-json\/wp\/v2\/posts\/349668\/revisions\/349705"}],"wp:featuredmedia":[{"embeddable":true,"href":"https:\/\/www.zunoticia.com\/noticias-de-hidalgo\/wp-json\/wp\/v2\/media\/349599"}],"wp:attachment":[{"href":"https:\/\/www.zunoticia.com\/noticias-de-hidalgo\/wp-json\/wp\/v2\/media?parent=349668"}],"wp:term":[{"taxonomy":"category","embeddable":true,"href":"https:\/\/www.zunoticia.com\/noticias-de-hidalgo\/wp-json\/wp\/v2\/categories?post=349668"},{"taxonomy":"post_tag","embeddable":true,"href":"https:\/\/www.zunoticia.com\/noticias-de-hidalgo\/wp-json\/wp\/v2\/tags?post=349668"}],"curies":[{"name":"wp","href":"https:\/\/api.w.org\/{rel}","templated":true}]}}