{"id":351137,"date":"2021-01-26T12:09:37","date_gmt":"2021-01-26T18:09:37","guid":{"rendered":"http:\/\/www.zunoticia.com\/noticias-de-hidalgo\/?p=351137"},"modified":"2021-01-26T12:09:37","modified_gmt":"2021-01-26T18:09:37","slug":"en-morena-no-queremos-reeleccion-che","status":"publish","type":"post","link":"https:\/\/www.zunoticia.com\/noticias-de-hidalgo\/2021\/01\/26\/en-morena-no-queremos-reeleccion-che\/","title":{"rendered":"En Morena no queremos Reelecci\u00f3n: CHE"},"content":{"rendered":"<aside class=\"mashsb-container mashsb-main mashsb-stretched\"><div class=\"mashsb-box\"><div class=\"mashsb-count mash-large\" style=\"float:left\"><div class=\"counts mashsbcount\">0<\/div><span class=\"mashsb-sharetext\">SHARES<\/span><\/div><div class=\"mashsb-buttons\"><a class=\"mashicon-facebook mash-large mash-center mashsb-noshadow\" href=\"https:\/\/www.facebook.com\/sharer.php?u=https%3A%2F%2Fwww.zunoticia.com%2Fnoticias-de-hidalgo%2F2021%2F01%2F26%2Fen-morena-no-queremos-reeleccion-che%2F\" target=\"_top\" rel=\"nofollow\"><span class=\"icon\"><\/span><span class=\"text\">Share<\/span><\/a><a class=\"mashicon-twitter mash-large mash-center mashsb-noshadow\" href=\"https:\/\/twitter.com\/intent\/tweet?text=&amp;url=https:\/\/www.zunoticia.com\/noticias-de-hidalgo\/2021\/01\/26\/en-morena-no-queremos-reeleccion-che\/\" target=\"_top\" rel=\"nofollow\"><span class=\"icon\"><\/span><span class=\"text\">Tweet<\/span><\/a><div class=\"onoffswitch2 mash-large mashsb-noshadow\" style=\"display:none\"><\/div><\/div>\n            <\/div>\n                <div style=\"clear:both\"><\/div><div class=\"mashsb-toggle-container\"><\/div><\/aside>\n            <!-- Share buttons by mashshare.net - Version: 4.0.47--><p><strong>Huejutla, Hgo.<\/strong> Todos los militantes y simpatizantes del Movimiento de Regeneraci\u00f3n Nacional (MORENA) en la Sierra y en la Huasteca, estamos en contra de las intenciones de Reelecci\u00f3n que pretenden supuestamente llevar a cabo la Diputada Local y el Diputado Federal, definitivamente que no aceptamos ni queremos la reelecci\u00f3n, ya que de designarse a ellos nuevamente como candidatos, es pr\u00e1cticamente seguro una derrota, as\u00ed lo se\u00f1ala el profesor Crescenciano Hern\u00e1ndez, miembro fundador de Morena en la Huasteca.<\/p>\n<p>Dijo que en el tema de la Reelecci\u00f3n que pretende el Diputado Federal, Fortunato Rivera, y la Diputada Local, Doralicia Mart\u00ednez \u00a0es en donde los militantes y simpatizantes \u201cno aceptamos, no queremos ninguna reelecci\u00f3n, porque sabemos bien que designarlos a ellos como candidatos es segura la derrota\u201d.<\/p>\n<p>Seguidamente, expone que la militancia quiere que se designe a un candidato conocido por el pueblo y la militancia, para que realmente sea apoyado, pero principalmente se requiere de alguien que se preocupe por la regi\u00f3n Sierra y Huasteca.<\/p>\n<p>Subraya que en la Sierra y Huasteca generalmente siempre hemos sido marginados y olvidados, por ello, es que se requiere de gente que se preocupe por el desarrollo de la regi\u00f3n, pues hacen falta muchas cosas\u2026<\/p>\n<p>\u201cA pesar de que hoy hemos tenido representantes tanto a nivel federal y local, no se han preocupado por la regi\u00f3n; antes dec\u00edamos que porque los diputados ven\u00edan de fuera o de otras regiones, y no les interesaba el pueblo\u201d.<\/p>\n<p>Finalmente, Crescenciano Hern\u00e1ndez, insiste \u201cpero hoy vemos que pasa igual, han sido representantes o Diputados de la regi\u00f3n y han trabajado de la misma manera, vemos que definitivamente no les interesa en lo m\u00ednimo el trabajo para el desarrollo de la Huasteca\u2026\u201d.<\/p>\n<p>&nbsp;<\/p>\n<p>&nbsp;<\/p>\n<p><em>Por Enedino Hern\u00e1ndez Alonso<\/em><\/p>\n","protected":false},"excerpt":{"rendered":"<p>Huejutla, Hgo. Todos los militantes y simpatizantes del Movimiento de Regeneraci\u00f3n Nacional (MORENA) en la Sierra y en la Huasteca, estamos en contra de las intenciones de Reelecci\u00f3n que pretenden supuestamente llevar a cabo la Diputada Local y el Diputado Federal, definitivamente que no aceptamos ni queremos la reelecci\u00f3n, ya que de designarse a ellos&hellip; <a class=\"more-link\" href=\"https:\/\/www.zunoticia.com\/noticias-de-hidalgo\/2021\/01\/26\/en-morena-no-queremos-reeleccion-che\/\">Seguir leyendo <span class=\"screen-reader-text\">En Morena no queremos Reelecci\u00f3n: CHE<\/span><\/a><\/p>\n","protected":false},"author":12,"featured_media":351176,"comment_status":"open","ping_status":"open","sticky":false,"template":"","format":"standard","meta":{"rop_custom_images_group":[],"rop_custom_messages_group":[],"rop_publish_now":"initial","rop_publish_now_accounts":{"facebook_10159540855086992_322828327761733":""},"rop_publish_now_history":[],"rop_publish_now_status":"pending","footnotes":""},"categories":[179,181],"tags":[121],"class_list":["post-351137","post","type-post","status-publish","format-standard","has-post-thumbnail","hentry","category-huasteca","category-huejutla","tag-huejutla","entry"],"_links":{"self":[{"href":"https:\/\/www.zunoticia.com\/noticias-de-hidalgo\/wp-json\/wp\/v2\/posts\/351137","targetHints":{"allow":["GET"]}}],"collection":[{"href":"https:\/\/www.zunoticia.com\/noticias-de-hidalgo\/wp-json\/wp\/v2\/posts"}],"about":[{"href":"https:\/\/www.zunoticia.com\/noticias-de-hidalgo\/wp-json\/wp\/v2\/types\/post"}],"author":[{"embeddable":true,"href":"https:\/\/www.zunoticia.com\/noticias-de-hidalgo\/wp-json\/wp\/v2\/users\/12"}],"replies":[{"embeddable":true,"href":"https:\/\/www.zunoticia.com\/noticias-de-hidalgo\/wp-json\/wp\/v2\/comments?post=351137"}],"version-history":[{"count":1,"href":"https:\/\/www.zunoticia.com\/noticias-de-hidalgo\/wp-json\/wp\/v2\/posts\/351137\/revisions"}],"predecessor-version":[{"id":351201,"href":"https:\/\/www.zunoticia.com\/noticias-de-hidalgo\/wp-json\/wp\/v2\/posts\/351137\/revisions\/351201"}],"wp:featuredmedia":[{"embeddable":true,"href":"https:\/\/www.zunoticia.com\/noticias-de-hidalgo\/wp-json\/wp\/v2\/media\/351176"}],"wp:attachment":[{"href":"https:\/\/www.zunoticia.com\/noticias-de-hidalgo\/wp-json\/wp\/v2\/media?parent=351137"}],"wp:term":[{"taxonomy":"category","embeddable":true,"href":"https:\/\/www.zunoticia.com\/noticias-de-hidalgo\/wp-json\/wp\/v2\/categories?post=351137"},{"taxonomy":"post_tag","embeddable":true,"href":"https:\/\/www.zunoticia.com\/noticias-de-hidalgo\/wp-json\/wp\/v2\/tags?post=351137"}],"curies":[{"name":"wp","href":"https:\/\/api.w.org\/{rel}","templated":true}]}}