{"id":351149,"date":"2021-01-26T12:48:17","date_gmt":"2021-01-26T18:48:17","guid":{"rendered":"http:\/\/www.zunoticia.com\/noticias-de-hidalgo\/?p=351149"},"modified":"2021-01-26T12:48:17","modified_gmt":"2021-01-26T18:48:17","slug":"celebra-iglesia-mensaje-del-papa-por-la-55-jornada-mundial-de-las-comunicaciones-sociales","status":"publish","type":"post","link":"https:\/\/www.zunoticia.com\/noticias-de-hidalgo\/2021\/01\/26\/celebra-iglesia-mensaje-del-papa-por-la-55-jornada-mundial-de-las-comunicaciones-sociales\/","title":{"rendered":"Celebra Iglesia mensaje del Papa por la 55 Jornada Mundial de las Comunicaciones Sociales"},"content":{"rendered":"<aside class=\"mashsb-container mashsb-main mashsb-stretched\"><div class=\"mashsb-box\"><div class=\"mashsb-count mash-large\" style=\"float:left\"><div class=\"counts mashsbcount\">0<\/div><span class=\"mashsb-sharetext\">SHARES<\/span><\/div><div class=\"mashsb-buttons\"><a class=\"mashicon-facebook mash-large mash-center mashsb-noshadow\" href=\"https:\/\/www.facebook.com\/sharer.php?u=https%3A%2F%2Fwww.zunoticia.com%2Fnoticias-de-hidalgo%2F2021%2F01%2F26%2Fcelebra-iglesia-mensaje-del-papa-por-la-55-jornada-mundial-de-las-comunicaciones-sociales%2F\" target=\"_top\" rel=\"nofollow\"><span class=\"icon\"><\/span><span class=\"text\">Share<\/span><\/a><a class=\"mashicon-twitter mash-large mash-center mashsb-noshadow\" href=\"https:\/\/twitter.com\/intent\/tweet?text=&amp;url=https:\/\/www.zunoticia.com\/noticias-de-hidalgo\/2021\/01\/26\/celebra-iglesia-mensaje-del-papa-por-la-55-jornada-mundial-de-las-comunicaciones-sociales\/\" target=\"_top\" rel=\"nofollow\"><span class=\"icon\"><\/span><span class=\"text\">Tweet<\/span><\/a><div class=\"onoffswitch2 mash-large mashsb-noshadow\" style=\"display:none\"><\/div><\/div>\n            <\/div>\n                <div style=\"clear:both\"><\/div><div class=\"mashsb-toggle-container\"><\/div><\/aside>\n            <!-- Share buttons by mashshare.net - Version: 4.0.47--><p><strong>Huejutla, Hgo.-<\/strong> El Obispo de la Di\u00f3cesis de Huejutla de Reyes, Jos\u00e9 Hirais Acosta Beltr\u00e1n; de manera oportuna dio a conocer el mensaje del Papa Francisco por la 55 Jornada Mundial de las Comunicaciones Sociales.<\/p>\n<p>La invitaci\u00f3n a \u201cir y ver\u201d que acompa\u00f1a los primeros y emocionantes encuentros de Jes\u00fas con los disc\u00edpulos, es tambi\u00e9n el m\u00e9todo de toda comunicaci\u00f3n humana aut\u00e9ntica. Para poder relatar la verdad de la vida que se hace historia, es necesario salir de la c\u00f3moda presunci\u00f3n del \u201ccomo es ya sabido\u201d y ponerse en marcha, ir a ver, estar con las personas, escucharlas, recoger las sugestiones de la realidad, que siempre nos sorprender\u00e1 en cualquier aspecto.<\/p>\n<p>Deseo, por lo tanto, dedicar el Mensaje de este a\u00f1o a la llamada a \u201cir y ver\u201d, como sugerencia para toda expresi\u00f3n comunicativa que quiera ser l\u00edmpida y honesta: En la redacci\u00f3n de un peri\u00f3dico como en el mundo de la web, en la predicaci\u00f3n ordinaria de la Iglesia como en la comunicaci\u00f3n pol\u00edtica o social.<\/p>\n<p>\u201cPensemos en el gran tema de la informaci\u00f3n; opiniones atentas se lamentan desde hace tiempo del riesgo de un aplanamiento en los \u201cperi\u00f3dicos fotocopia\u201d o en los noticieros de radio y televisi\u00f3n y p\u00e1ginas web que son sustancialmente iguales, donde el g\u00e9nero de la investigaci\u00f3n y del reportaje pierden espacio y calidad en beneficio de una informaci\u00f3n preconfeccionada, \u201cde palacio\u201d, autorreferencial, que es cada vez menos capaz de interceptar la verdad de las cosas y la vida concreta de las personas, y ya no sabe recoger ni los fen\u00f3menos sociales m\u00e1s graves ni las energ\u00edas positivas que emanan de las bases de la sociedad\u201d.<\/p>\n<p>&nbsp;<\/p>\n<p>Detalla que la crisis del sector editorial puede llevar a una informaci\u00f3n construida en las redacciones, frente al ordenador, en los terminales de las agencias, en las redes sociales, sin salir nunca a la calle, sin \u201cdesgastar las suelas de los zapatos\u201d, sin encontrar a las personas para buscar historias o verificar\u00a0<em>de visu<\/em>\u00a0ciertas situaciones.<\/p>\n<p>&nbsp;<\/p>\n<p>Concluye citando, que si no nos abrimos al encuentro, permaneceremos como espectadores externos, a pesar de las innovaciones tecnol\u00f3gicas que tienen la capacidad de ponernos frente a una realidad aumentada en la que nos parece estar inmersos. Cada instrumento es \u00fatil y valioso s\u00f3lo si nos empuja a ir y a ver la realidad que de otra manera no sabr\u00edamos, si pone en red conocimientos que de otro modo no circular\u00edan, si permite encuentros que de otra forma no se producir\u00edan.<\/p>\n<p>&nbsp;<\/p>\n<p><em>Por Enedino Hern\u00e1ndez A.<\/em><\/p>\n","protected":false},"excerpt":{"rendered":"<p>Huejutla, Hgo.- El Obispo de la Di\u00f3cesis de Huejutla de Reyes, Jos\u00e9 Hirais Acosta Beltr\u00e1n; de manera oportuna dio a conocer el mensaje del Papa Francisco por la 55 Jornada Mundial de las Comunicaciones Sociales. La invitaci\u00f3n a \u201cir y ver\u201d que acompa\u00f1a los primeros y emocionantes encuentros de Jes\u00fas con los disc\u00edpulos, es tambi\u00e9n&hellip; <a class=\"more-link\" href=\"https:\/\/www.zunoticia.com\/noticias-de-hidalgo\/2021\/01\/26\/celebra-iglesia-mensaje-del-papa-por-la-55-jornada-mundial-de-las-comunicaciones-sociales\/\">Seguir leyendo <span class=\"screen-reader-text\">Celebra Iglesia mensaje del Papa por la 55 Jornada Mundial de las Comunicaciones Sociales<\/span><\/a><\/p>\n","protected":false},"author":12,"featured_media":351179,"comment_status":"open","ping_status":"open","sticky":false,"template":"","format":"standard","meta":{"rop_custom_images_group":[],"rop_custom_messages_group":[],"rop_publish_now":"initial","rop_publish_now_accounts":{"facebook_10159540855086992_322828327761733":""},"rop_publish_now_history":[],"rop_publish_now_status":"pending","footnotes":""},"categories":[179,181],"tags":[121],"class_list":["post-351149","post","type-post","status-publish","format-standard","has-post-thumbnail","hentry","category-huasteca","category-huejutla","tag-huejutla","entry"],"_links":{"self":[{"href":"https:\/\/www.zunoticia.com\/noticias-de-hidalgo\/wp-json\/wp\/v2\/posts\/351149","targetHints":{"allow":["GET"]}}],"collection":[{"href":"https:\/\/www.zunoticia.com\/noticias-de-hidalgo\/wp-json\/wp\/v2\/posts"}],"about":[{"href":"https:\/\/www.zunoticia.com\/noticias-de-hidalgo\/wp-json\/wp\/v2\/types\/post"}],"author":[{"embeddable":true,"href":"https:\/\/www.zunoticia.com\/noticias-de-hidalgo\/wp-json\/wp\/v2\/users\/12"}],"replies":[{"embeddable":true,"href":"https:\/\/www.zunoticia.com\/noticias-de-hidalgo\/wp-json\/wp\/v2\/comments?post=351149"}],"version-history":[{"count":1,"href":"https:\/\/www.zunoticia.com\/noticias-de-hidalgo\/wp-json\/wp\/v2\/posts\/351149\/revisions"}],"predecessor-version":[{"id":351206,"href":"https:\/\/www.zunoticia.com\/noticias-de-hidalgo\/wp-json\/wp\/v2\/posts\/351149\/revisions\/351206"}],"wp:featuredmedia":[{"embeddable":true,"href":"https:\/\/www.zunoticia.com\/noticias-de-hidalgo\/wp-json\/wp\/v2\/media\/351179"}],"wp:attachment":[{"href":"https:\/\/www.zunoticia.com\/noticias-de-hidalgo\/wp-json\/wp\/v2\/media?parent=351149"}],"wp:term":[{"taxonomy":"category","embeddable":true,"href":"https:\/\/www.zunoticia.com\/noticias-de-hidalgo\/wp-json\/wp\/v2\/categories?post=351149"},{"taxonomy":"post_tag","embeddable":true,"href":"https:\/\/www.zunoticia.com\/noticias-de-hidalgo\/wp-json\/wp\/v2\/tags?post=351149"}],"curies":[{"name":"wp","href":"https:\/\/api.w.org\/{rel}","templated":true}]}}