{"id":351161,"date":"2021-01-26T13:16:33","date_gmt":"2021-01-26T19:16:33","guid":{"rendered":"http:\/\/www.zunoticia.com\/noticias-de-hidalgo\/?p=351161"},"modified":"2021-01-26T13:16:33","modified_gmt":"2021-01-26T19:16:33","slug":"estacionamiento-luce-vacio","status":"publish","type":"post","link":"https:\/\/www.zunoticia.com\/noticias-de-hidalgo\/2021\/01\/26\/estacionamiento-luce-vacio\/","title":{"rendered":"Estacionamiento luce vac\u00edo"},"content":{"rendered":"<aside class=\"mashsb-container mashsb-main mashsb-stretched\"><div class=\"mashsb-box\"><div class=\"mashsb-count mash-large\" style=\"float:left\"><div class=\"counts mashsbcount\">0<\/div><span class=\"mashsb-sharetext\">SHARES<\/span><\/div><div class=\"mashsb-buttons\"><a class=\"mashicon-facebook mash-large mash-center mashsb-noshadow\" href=\"https:\/\/www.facebook.com\/sharer.php?u=https%3A%2F%2Fwww.zunoticia.com%2Fnoticias-de-hidalgo%2F2021%2F01%2F26%2Festacionamiento-luce-vacio%2F\" target=\"_top\" rel=\"nofollow\"><span class=\"icon\"><\/span><span class=\"text\">Share<\/span><\/a><a class=\"mashicon-twitter mash-large mash-center mashsb-noshadow\" href=\"https:\/\/twitter.com\/intent\/tweet?text=&amp;url=https:\/\/www.zunoticia.com\/noticias-de-hidalgo\/2021\/01\/26\/estacionamiento-luce-vacio\/\" target=\"_top\" rel=\"nofollow\"><span class=\"icon\"><\/span><span class=\"text\">Tweet<\/span><\/a><div class=\"onoffswitch2 mash-large mashsb-noshadow\" style=\"display:none\"><\/div><\/div>\n            <\/div>\n                <div style=\"clear:both\"><\/div><div class=\"mashsb-toggle-container\"><\/div><\/aside>\n            <!-- Share buttons by mashshare.net - Version: 4.0.47--><p><strong>Huejutla, Hgo.- \u00a0<\/strong>El estacionamiento del Centro Comercial Chedraui, luci\u00f3 vac\u00edo los d\u00edas s\u00e1bado y domingo, cuando pr\u00e1cticamente estuvo al cincuenta por ciento de su capacidad, todo ello como resultado de la reubicaci\u00f3n del tradicional tianguis dominical de Huejutla.<\/p>\n<p>Lo que evidencia que el otro porcentaje era ocupado por automovilistas y transportistas que hac\u00edan sus compras en el \u00e1rea del mercado municipal.<\/p>\n<p>Clientes de dicha tienda, externaron su opini\u00f3n ante este hecho, Adri\u00e1n Hern\u00e1ndez dijo &#8220;Ahora podemos hacer nuestras compras con mayor comodidad y seguridad, por lo que celebro esta medida\u201d.<\/p>\n<p>De igual manera, espera que las autoridades municipales y dirigentes de las diferentes organizaciones de comerciantes, tomen esta medida de manera permanentemente durante toda la contingencia sanitaria y con ello, coadyuvar a evitar que los contagios por Covid-19 aumenten en la regi\u00f3n de la huasteca hidalguense y veracruzana principalmente.<\/p>\n<p>&nbsp;<\/p>\n<p><em>Por Lucero Herberth\/Zunoticia.<\/em><\/p>\n","protected":false},"excerpt":{"rendered":"<p>Huejutla, Hgo.- \u00a0El estacionamiento del Centro Comercial Chedraui, luci\u00f3 vac\u00edo los d\u00edas s\u00e1bado y domingo, cuando pr\u00e1cticamente estuvo al cincuenta por ciento de su capacidad, todo ello como resultado de la reubicaci\u00f3n del tradicional tianguis dominical de Huejutla. Lo que evidencia que el otro porcentaje era ocupado por automovilistas y transportistas que hac\u00edan sus compras&hellip; <a class=\"more-link\" href=\"https:\/\/www.zunoticia.com\/noticias-de-hidalgo\/2021\/01\/26\/estacionamiento-luce-vacio\/\">Seguir leyendo <span class=\"screen-reader-text\">Estacionamiento luce vac\u00edo<\/span><\/a><\/p>\n","protected":false},"author":12,"featured_media":351184,"comment_status":"open","ping_status":"open","sticky":false,"template":"","format":"standard","meta":{"rop_custom_images_group":[],"rop_custom_messages_group":[],"rop_publish_now":"initial","rop_publish_now_accounts":{"facebook_10159540855086992_322828327761733":""},"rop_publish_now_history":[],"rop_publish_now_status":"pending","footnotes":""},"categories":[179,181],"tags":[121],"class_list":["post-351161","post","type-post","status-publish","format-standard","has-post-thumbnail","hentry","category-huasteca","category-huejutla","tag-huejutla","entry"],"_links":{"self":[{"href":"https:\/\/www.zunoticia.com\/noticias-de-hidalgo\/wp-json\/wp\/v2\/posts\/351161","targetHints":{"allow":["GET"]}}],"collection":[{"href":"https:\/\/www.zunoticia.com\/noticias-de-hidalgo\/wp-json\/wp\/v2\/posts"}],"about":[{"href":"https:\/\/www.zunoticia.com\/noticias-de-hidalgo\/wp-json\/wp\/v2\/types\/post"}],"author":[{"embeddable":true,"href":"https:\/\/www.zunoticia.com\/noticias-de-hidalgo\/wp-json\/wp\/v2\/users\/12"}],"replies":[{"embeddable":true,"href":"https:\/\/www.zunoticia.com\/noticias-de-hidalgo\/wp-json\/wp\/v2\/comments?post=351161"}],"version-history":[{"count":1,"href":"https:\/\/www.zunoticia.com\/noticias-de-hidalgo\/wp-json\/wp\/v2\/posts\/351161\/revisions"}],"predecessor-version":[{"id":351209,"href":"https:\/\/www.zunoticia.com\/noticias-de-hidalgo\/wp-json\/wp\/v2\/posts\/351161\/revisions\/351209"}],"wp:featuredmedia":[{"embeddable":true,"href":"https:\/\/www.zunoticia.com\/noticias-de-hidalgo\/wp-json\/wp\/v2\/media\/351184"}],"wp:attachment":[{"href":"https:\/\/www.zunoticia.com\/noticias-de-hidalgo\/wp-json\/wp\/v2\/media?parent=351161"}],"wp:term":[{"taxonomy":"category","embeddable":true,"href":"https:\/\/www.zunoticia.com\/noticias-de-hidalgo\/wp-json\/wp\/v2\/categories?post=351161"},{"taxonomy":"post_tag","embeddable":true,"href":"https:\/\/www.zunoticia.com\/noticias-de-hidalgo\/wp-json\/wp\/v2\/tags?post=351161"}],"curies":[{"name":"wp","href":"https:\/\/api.w.org\/{rel}","templated":true}]}}