{"id":351218,"date":"2021-01-26T14:00:48","date_gmt":"2021-01-26T20:00:48","guid":{"rendered":"http:\/\/www.zunoticia.com\/noticias-de-hidalgo\/?p=351218"},"modified":"2021-01-26T14:00:48","modified_gmt":"2021-01-26T20:00:48","slug":"en-febrero-son-las-preinscripciones-para-el-ciclo-escolar-2021-2022","status":"publish","type":"post","link":"https:\/\/www.zunoticia.com\/noticias-de-hidalgo\/2021\/01\/26\/en-febrero-son-las-preinscripciones-para-el-ciclo-escolar-2021-2022\/","title":{"rendered":"EN FEBRERO SON LAS PREINSCRIPCIONES PARA EL CICLO ESCOLAR 2021-2022"},"content":{"rendered":"<aside class=\"mashsb-container mashsb-main mashsb-stretched\"><div class=\"mashsb-box\"><div class=\"mashsb-count mash-large\" style=\"float:left\"><div class=\"counts mashsbcount\">0<\/div><span class=\"mashsb-sharetext\">SHARES<\/span><\/div><div class=\"mashsb-buttons\"><a class=\"mashicon-facebook mash-large mash-center mashsb-noshadow\" href=\"https:\/\/www.facebook.com\/sharer.php?u=https%3A%2F%2Fwww.zunoticia.com%2Fnoticias-de-hidalgo%2F2021%2F01%2F26%2Fen-febrero-son-las-preinscripciones-para-el-ciclo-escolar-2021-2022%2F\" target=\"_top\" rel=\"nofollow\"><span class=\"icon\"><\/span><span class=\"text\">Share<\/span><\/a><a class=\"mashicon-twitter mash-large mash-center mashsb-noshadow\" href=\"https:\/\/twitter.com\/intent\/tweet?text=&amp;url=https:\/\/www.zunoticia.com\/noticias-de-hidalgo\/2021\/01\/26\/en-febrero-son-las-preinscripciones-para-el-ciclo-escolar-2021-2022\/\" target=\"_top\" rel=\"nofollow\"><span class=\"icon\"><\/span><span class=\"text\">Tweet<\/span><\/a><div class=\"onoffswitch2 mash-large mashsb-noshadow\" style=\"display:none\"><\/div><\/div>\n            <\/div>\n                <div style=\"clear:both\"><\/div><div class=\"mashsb-toggle-container\"><\/div><\/aside>\n            <!-- Share buttons by mashshare.net - Version: 4.0.47--><p><strong>Pachuca, Hgo.-<\/strong> La Secretar\u00eda de Educaci\u00f3n P\u00fablica de Hidalgo (SEPH) informa que el periodo de las preinscripciones de ni\u00f1as y ni\u00f1os que ingresar\u00e1n al nivel de preescolar, primer grado de primaria y primer grado de secundaria para el ciclo escolar 2021-2022, se llevar\u00e1 a cabo en el mes de febrero del a\u00f1o en curso.<\/p>\n<p>&nbsp;<\/p>\n<p>Debido a la contingencia sanitaria y en el marco del Operativo Escudo, as\u00ed como a la pol\u00edtica de modernizaci\u00f3n y digitalizaci\u00f3n que impulsa el Gobierno del Estado de Hidalgo, que encabeza Omar Fayad, el tr\u00e1mite se realizar\u00e1 en l\u00ednea desde la p\u00e1gina oficial de la Secretar\u00eda de Educaci\u00f3n P\u00fablica de Hidalgo http:\/\/sep.hidalgo.gob.mx<\/p>\n<p>&nbsp;<\/p>\n<p>En apoyo a la econom\u00eda de las familias hidalguenses y para proteger su salud, el tr\u00e1mite podr\u00e1 realizarse las 24 horas del d\u00eda, en l\u00ednea, y es totalmente gratuito.<\/p>\n<p>&nbsp;<\/p>\n<p>Las ni\u00f1as y ni\u00f1os que cumplen 4 a\u00f1os al 31 de diciembre de 2021, a segundo grado de preescolar deben ingresar, quienes cumplen 5 a\u00f1os al 31 de diciembre de 2021, ingresar\u00e1n a tercero de dicho nivel educativo. En caso del primer grado de preescolar se deber\u00e1 revisar en agosto si habr\u00e1 apertura en la escuela que desea solicitar.<\/p>\n<p>&nbsp;<\/p>\n<p>En el caso de primaria, las ni\u00f1as y ni\u00f1os que cumplan 6 a\u00f1os al 31 de diciembre de 2021, a primer grado deben ingresar. Los menores de 15 a\u00f1os al inicio del ciclo escolar 2021-2022 (agosto 2021), har\u00e1n lo propio a secundaria general, t\u00e9cnica o telesecundaria. Los mayores de 16 a\u00f1os deber\u00e1n acudir al Programa por un M\u00e9xico sin Rezago Educativo (IHEA).<\/p>\n<p>&nbsp;<\/p>\n<p>Para realizar el tr\u00e1mite, se deber\u00e1 contar con los siguientes datos: CURP del alumno a preinscribir; y CURP del padre, madre o tutor.\u00a0 Si tiene hermano en la escuela solicitada el CURP del alumno que se encuentra inscrito y anexar su acta de nacimiento. Adem\u00e1s, en formato digital (.JPG o PDF no mayor a 3 Mega Bytes) los siguientes documentos: Acta de nacimiento (alumno), comprobante de domicilio reciente (recibo de agua, tel\u00e9fono o predial) e identificaci\u00f3n oficial vigente de la madre, padre o tutor.<\/p>\n<p>&nbsp;<\/p>\n<p>Y en algunos casos: Constancia laboral con domicilio y horario (s\u00f3lo en caso de que la escuela solicitada est\u00e9 cerca del trabajo). Acta de nacimiento del hermano (solo en caso de tener hermano en escuela solicitada).<\/p>\n<p>&nbsp;<\/p>\n<p>Los resultados para el nivel preescolar se podr\u00e1n consultar con su folio y CURP en la p\u00e1gina oficial de la SEPH a partir de la segunda semana de agosto y deber\u00e1 presentarse en la escuela que aparezca en su constancia de asignaci\u00f3n.<\/p>\n<p>&nbsp;<\/p>\n<p>Para primaria y secundaria consultar con su folio y CURP en la p\u00e1gina oficial de la SEPH a partir del 9 de julio de 2021.<\/p>\n<p>&nbsp;<\/p>\n<p>La constancia de asignaci\u00f3n oficial podr\u00e1 descargarse al consultar su resultado. Es importante conservarla para su inscripci\u00f3n en la escuela asignada.<\/p>\n<p>&nbsp;<\/p>\n<p>En caso de estar cursando en escuela particular del estado de Hidalgo, as\u00ed como los alumnos for\u00e1neos, que deseen ingresar, a los grados descritos anteriormente, en escuelas p\u00fablicas, deber\u00e1n comunicarse al Sistema de Estad\u00edstica, Distribuci\u00f3n y Asignaci\u00f3n de Educaci\u00f3n B\u00e1sica (SEDAEB) o en las diferentes regiones seg\u00fan corresponda de acuerdo con la convocatoria que se emitir\u00e1.<\/p>\n<p>&nbsp;<\/p>\n<p>Por instrucci\u00f3n del gobernador Omar Fayad, en Hidalgo cada ni\u00f1a y ni\u00f1o en edad de cursar su Educaci\u00f3n B\u00e1sica tiene asegurado un lugar en la escuela.<\/p>\n<p>&nbsp;<\/p>\n<p>Cabe se\u00f1alar que en la p\u00e1gina de la SEPH, se encontrar\u00e1 un tutorial que permitir\u00e1 guiar a los padres y madres de familia para realizar el proceso de preinscripci\u00f3n.<\/p>\n<p>&nbsp;<\/p>\n<p>Para quien requiera apoyo para realizar su registro, puede acudir o llamar a las oficinas del SEDAEB y a los servicios regionales.<\/p>\n<p>&nbsp;<\/p>\n<p>REGI\u00d3N PACHUCA<\/p>\n<p>Blvd. Felipe \u00c1ngeles s\/n, Col. Venta Prieta,\u00a0 C. P. 42083, Pachuca de Soto, Hgo.<\/p>\n<p>Tel. 7712682461<\/p>\n<p>Tel. 7716837646<\/p>\n<p>Tel. 7713576681<\/p>\n<p>Tel. 7714324130<\/p>\n<p>Tel. 7713011084<\/p>\n<p>sedaeb@seph.gob.mx<\/p>\n<p>&nbsp;<\/p>\n<p>Subdirecci\u00f3n de Servicios Regionales de:<\/p>\n<p>&nbsp;<\/p>\n<p>ACTOPAN<\/p>\n<p>Belisario Dom\u00ednguez s\/n, Col. Fundici\u00f3n Baja, C.P.42500 Actopan, Hgo.<\/p>\n<p>Dra. Nanyeli Bravo Hern\u00e1ndez<\/p>\n<p>Tel. 7721382164<\/p>\n<p>Profra. Leticia Herrera Ju\u00e1rez<\/p>\n<p>7721399891<\/p>\n<p>sr.actopan@seph.gob.mx<\/p>\n<p>&nbsp;<\/p>\n<p>ATLAPEXCO<\/p>\n<p>Blvd. Felipe \u00c1ngeles s\/n esq. Sor Juana In\u00e9s de la Cruz, Col. Valle Verde, C. P. 43060 Atlapexco, Hgo.<\/p>\n<p>Profr. Gilberto Maldonado Ch\u00e1vez<\/p>\n<p>Tel. 7711299126<\/p>\n<p>Profra. Mar\u00eda Hern\u00e1ndez Palacios<\/p>\n<p>Tel. 7711329533<\/p>\n<p>sr.atlapexco@seph.gob.mx<\/p>\n<p>&nbsp;<\/p>\n<p>HUEJUTLA<\/p>\n<p>Pablo Anaya s\/n, Col. Aviaci\u00f3n Civil, C. P. 43000 Huejutla de Reyes, Hgo.<\/p>\n<p>Ing. Santos Celestino Hern\u00e1ndez Cruz<\/p>\n<p>Tel. 5573527998<\/p>\n<p>Profra. Sonia \u00c1ngeles Rojo<\/p>\n<p>Tel. 7711169768<\/p>\n<p>sr.huejutla@seph.gob.mx<\/p>\n<p>&nbsp;<\/p>\n<p>IXMIQUILPAN<\/p>\n<p>Carr. Ixmiquilpan-Orizabita s\/n, Col. L\u00e1zaro C\u00e1rdenas, Los Remedios, C.P.42300 Ixmiquilpan, Hgo.<\/p>\n<p>Profra. Margarita Ch\u00e1vez Corona<\/p>\n<p>Tel. 7721230103<\/p>\n<p>Profra. Margarita Olgu\u00edn Serrano<\/p>\n<p>Tel. 7721297340<\/p>\n<p>sr.ixmiquilpan@seph.gob.mx<\/p>\n<p>&nbsp;<\/p>\n<p>JACALA<\/p>\n<p>Av. Revoluci\u00f3n s\/n col. Centro. Plaza Lira, Jacala de Ledezma, Hgo.<\/p>\n<p>Olga Ch\u00e1vez Morales<\/p>\n<p>Tel. 7717753806<\/p>\n<p>Margarita Mart\u00ednez Ju\u00e1rez<\/p>\n<p>Tel. 7711947632<\/p>\n<p>sr.jacala@seph.gob.mx<\/p>\n<p>&nbsp;<\/p>\n<p>MOLANGO<\/p>\n<p>Av. Francisco I. Madero s\/n, Col. Barrio Santa Cruz, C. P.43100, Molango de Escamilla, Hgo.<\/p>\n<p>Lic. Erin Lindsay P\u00e9rez Valdez<\/p>\n<p>Tel. 7712354735<\/p>\n<p>Profra. Maribel Acosta Reyes<\/p>\n<p>Tel. 7712387152<\/p>\n<p>sr.molango@seph.gob.mx<\/p>\n<p>&nbsp;<\/p>\n<p>TENANGO<\/p>\n<p>Calle 16 de enero s\/n, col. Centro, C.P. 43480, Tenango de Doria, Hgo.<\/p>\n<p>Lic. Claudio Mario Aguilar Rodr\u00edguez<\/p>\n<p>Tel. 7712022229<\/p>\n<p>Profr. Israel Hern\u00e1ndez Ya\u00f1ez<\/p>\n<p>Tel. 7711983697<\/p>\n<p>sr.tenango@seph.gob.mx<\/p>\n<p>&nbsp;<\/p>\n<p>TLAXCOAPAN<\/p>\n<p>Arnulfo Morel s\/n, entre Fracc. San Pedro y Col. La Vega, C.P.42950, Tlaxcoapan, Hgo.<\/p>\n<p>Profra. Alba Marisa Cruz G\u00f3mez<\/p>\n<p>Tel. 7731396187<\/p>\n<p>Profra. Teresa Aguilar Cruz<\/p>\n<p>Tel. 7737316150<\/p>\n<p>sr.tlaxcoapan@seph.gob.mx<\/p>\n<p>&nbsp;<\/p>\n<p>TULA<\/p>\n<p>Av. Miguel Hidalgo Norte 41, El Llano 1\u00aa. Secci\u00f3n, C.P. 42820, Tula de Allende, Hgo.<\/p>\n<p>Profra. Neida Clabel Cruz P\u00e9rez<\/p>\n<p>Tel. 7731265937<\/p>\n<p>Profr. Feliciano Uribe Ram\u00edrez<\/p>\n<p>Tel. 7721662486<\/p>\n<p>sr.tula@seph.gob.mx<\/p>\n<p>&nbsp;<\/p>\n<p>TULANCINGO<\/p>\n<p>Adolfo Ruiz Cortines\u00a0 Fracc. La Herradura (Medias Tierras), Tulancingo de Bravo, Hgo.<\/p>\n<p>Profra. Maribel Charrez Baltazar<\/p>\n<p>Tel. 7751905250<\/p>\n<p>Profra. Yolanda Ibarra Tellez<\/p>\n<p>Tel. 7751900364<\/p>\n<p>sr.tulancingo@seph.gob.mx<\/p>\n<p>&nbsp;<\/p>\n<p>ZACUALTIP\u00c1N<\/p>\n<p>Calle del Rastro s\/n, Col. Centro, C.P. 43200, Zacualtip\u00e1n de \u00c1ngeles, Hgo.<\/p>\n<p>Profr. Felipe Cordero L\u00f3pez<\/p>\n<p>Tel. 7711300056<\/p>\n<p>Profr. Hidaver Cervantes Bonilla<\/p>\n<p>Tel. 7712665267<\/p>\n<p>sr.zacualtipan@seph.gob.mx<\/p>\n<p>&nbsp;<\/p>\n<p>&nbsp;<\/p>\n<p>Call Center \u00a1Act\u00faa Ya! 800 462 73 74 y desde n\u00famero fijo *7374<\/p>\n","protected":false},"excerpt":{"rendered":"<p>Pachuca, Hgo.- La Secretar\u00eda de Educaci\u00f3n P\u00fablica de Hidalgo (SEPH) informa que el periodo de las preinscripciones de ni\u00f1as y ni\u00f1os que ingresar\u00e1n al nivel de preescolar, primer grado de primaria y primer grado de secundaria para el ciclo escolar 2021-2022, se llevar\u00e1 a cabo en el mes de febrero del a\u00f1o en curso. &nbsp;&hellip; <a class=\"more-link\" href=\"https:\/\/www.zunoticia.com\/noticias-de-hidalgo\/2021\/01\/26\/en-febrero-son-las-preinscripciones-para-el-ciclo-escolar-2021-2022\/\">Seguir leyendo <span class=\"screen-reader-text\">EN FEBRERO SON LAS PREINSCRIPCIONES PARA EL CICLO ESCOLAR 2021-2022<\/span><\/a><\/p>\n","protected":false},"author":12,"featured_media":351174,"comment_status":"open","ping_status":"open","sticky":false,"template":"","format":"standard","meta":{"rop_custom_images_group":[],"rop_custom_messages_group":[],"rop_publish_now":"initial","rop_publish_now_accounts":{"facebook_10159540855086992_322828327761733":""},"rop_publish_now_history":[],"rop_publish_now_status":"pending","footnotes":""},"categories":[208],"tags":[214],"class_list":["post-351218","post","type-post","status-publish","format-standard","has-post-thumbnail","hentry","category-estado","tag-estado","entry"],"_links":{"self":[{"href":"https:\/\/www.zunoticia.com\/noticias-de-hidalgo\/wp-json\/wp\/v2\/posts\/351218","targetHints":{"allow":["GET"]}}],"collection":[{"href":"https:\/\/www.zunoticia.com\/noticias-de-hidalgo\/wp-json\/wp\/v2\/posts"}],"about":[{"href":"https:\/\/www.zunoticia.com\/noticias-de-hidalgo\/wp-json\/wp\/v2\/types\/post"}],"author":[{"embeddable":true,"href":"https:\/\/www.zunoticia.com\/noticias-de-hidalgo\/wp-json\/wp\/v2\/users\/12"}],"replies":[{"embeddable":true,"href":"https:\/\/www.zunoticia.com\/noticias-de-hidalgo\/wp-json\/wp\/v2\/comments?post=351218"}],"version-history":[{"count":1,"href":"https:\/\/www.zunoticia.com\/noticias-de-hidalgo\/wp-json\/wp\/v2\/posts\/351218\/revisions"}],"predecessor-version":[{"id":351246,"href":"https:\/\/www.zunoticia.com\/noticias-de-hidalgo\/wp-json\/wp\/v2\/posts\/351218\/revisions\/351246"}],"wp:featuredmedia":[{"embeddable":true,"href":"https:\/\/www.zunoticia.com\/noticias-de-hidalgo\/wp-json\/wp\/v2\/media\/351174"}],"wp:attachment":[{"href":"https:\/\/www.zunoticia.com\/noticias-de-hidalgo\/wp-json\/wp\/v2\/media?parent=351218"}],"wp:term":[{"taxonomy":"category","embeddable":true,"href":"https:\/\/www.zunoticia.com\/noticias-de-hidalgo\/wp-json\/wp\/v2\/categories?post=351218"},{"taxonomy":"post_tag","embeddable":true,"href":"https:\/\/www.zunoticia.com\/noticias-de-hidalgo\/wp-json\/wp\/v2\/tags?post=351218"}],"curies":[{"name":"wp","href":"https:\/\/api.w.org\/{rel}","templated":true}]}}