{"id":351258,"date":"2021-01-26T14:28:15","date_gmt":"2021-01-26T20:28:15","guid":{"rendered":"http:\/\/www.zunoticia.com\/noticias-de-hidalgo\/?p=351258"},"modified":"2021-01-26T14:28:15","modified_gmt":"2021-01-26T20:28:15","slug":"se-instala-la-comision-permanente-de-alumbrado-publico","status":"publish","type":"post","link":"https:\/\/www.zunoticia.com\/noticias-de-hidalgo\/2021\/01\/26\/se-instala-la-comision-permanente-de-alumbrado-publico\/","title":{"rendered":"SE INSTALA LA COMISI\u00d3N PERMANENTE DE ALUMBRADO P\u00daBLICO"},"content":{"rendered":"<aside class=\"mashsb-container mashsb-main mashsb-stretched\"><div class=\"mashsb-box\"><div class=\"mashsb-count mash-large\" style=\"float:left\"><div class=\"counts mashsbcount\">0<\/div><span class=\"mashsb-sharetext\">SHARES<\/span><\/div><div class=\"mashsb-buttons\"><a class=\"mashicon-facebook mash-large mash-center mashsb-noshadow\" href=\"https:\/\/www.facebook.com\/sharer.php?u=https%3A%2F%2Fwww.zunoticia.com%2Fnoticias-de-hidalgo%2F2021%2F01%2F26%2Fse-instala-la-comision-permanente-de-alumbrado-publico%2F\" target=\"_top\" rel=\"nofollow\"><span class=\"icon\"><\/span><span class=\"text\">Share<\/span><\/a><a class=\"mashicon-twitter mash-large mash-center mashsb-noshadow\" href=\"https:\/\/twitter.com\/intent\/tweet?text=&amp;url=https:\/\/www.zunoticia.com\/noticias-de-hidalgo\/2021\/01\/26\/se-instala-la-comision-permanente-de-alumbrado-publico\/\" target=\"_top\" rel=\"nofollow\"><span class=\"icon\"><\/span><span class=\"text\">Tweet<\/span><\/a><div class=\"onoffswitch2 mash-large mashsb-noshadow\" style=\"display:none\"><\/div><\/div>\n            <\/div>\n                <div style=\"clear:both\"><\/div><div class=\"mashsb-toggle-container\"><\/div><\/aside>\n            <!-- Share buttons by mashshare.net - Version: 4.0.47--><p><strong>San Felipe Orizatl\u00e1n, Hgo.-<\/strong> Por primera ocasi\u00f3n se instalan de manera formal, las comisiones permanentes de diversas \u00e1reas, que representar\u00e1n y trabajar\u00e1n en conjunto, para cubrir las necesidades de todos los Orizatlenses.<\/p>\n<p>El d\u00eda de hoy se reunieron en la sala de cabildos, para instalar la comisi\u00f3n permanente de \u201cAlumbrado P\u00fablico\u201d.<\/p>\n<p>La alcaldesa Erika Saab Lara, estuvo presente en la sesi\u00f3n, para respaldar dicha comisi\u00f3n, la cu\u00e1l ser\u00e1 representada de la siguiente manera, Presidente Eva Franco Rivera, Secretario Cirilo Humberto de la Cruz Bautista, Vocal Carlos Cesar P\u00e9rez Escamilla.<\/p>\n<p>Esta comisi\u00f3n trabajar\u00e1 arduamente para seguir mejorando la calidad de vida del municipio y esta comprometida a dar resultados en todas sus colonias y comunidades, para\u00a0 brindar seguridad y tener todas sus calles y espacios p\u00fablicos iluminados.<\/p>\n","protected":false},"excerpt":{"rendered":"<p>San Felipe Orizatl\u00e1n, Hgo.- Por primera ocasi\u00f3n se instalan de manera formal, las comisiones permanentes de diversas \u00e1reas, que representar\u00e1n y trabajar\u00e1n en conjunto, para cubrir las necesidades de todos los Orizatlenses. El d\u00eda de hoy se reunieron en la sala de cabildos, para instalar la comisi\u00f3n permanente de \u201cAlumbrado P\u00fablico\u201d. La alcaldesa Erika Saab&hellip; <a class=\"more-link\" href=\"https:\/\/www.zunoticia.com\/noticias-de-hidalgo\/2021\/01\/26\/se-instala-la-comision-permanente-de-alumbrado-publico\/\">Seguir leyendo <span class=\"screen-reader-text\">SE INSTALA LA COMISI\u00d3N PERMANENTE DE ALUMBRADO P\u00daBLICO<\/span><\/a><\/p>\n","protected":false},"author":12,"featured_media":351195,"comment_status":"open","ping_status":"open","sticky":false,"template":"","format":"standard","meta":{"rop_custom_images_group":[],"rop_custom_messages_group":[],"rop_publish_now":"initial","rop_publish_now_accounts":{"facebook_10159540855086992_322828327761733":""},"rop_publish_now_history":[],"rop_publish_now_status":"pending","footnotes":""},"categories":[179,180],"tags":[129],"class_list":["post-351258","post","type-post","status-publish","format-standard","has-post-thumbnail","hentry","category-huasteca","category-orizatlan","tag-orizatlan","entry"],"_links":{"self":[{"href":"https:\/\/www.zunoticia.com\/noticias-de-hidalgo\/wp-json\/wp\/v2\/posts\/351258","targetHints":{"allow":["GET"]}}],"collection":[{"href":"https:\/\/www.zunoticia.com\/noticias-de-hidalgo\/wp-json\/wp\/v2\/posts"}],"about":[{"href":"https:\/\/www.zunoticia.com\/noticias-de-hidalgo\/wp-json\/wp\/v2\/types\/post"}],"author":[{"embeddable":true,"href":"https:\/\/www.zunoticia.com\/noticias-de-hidalgo\/wp-json\/wp\/v2\/users\/12"}],"replies":[{"embeddable":true,"href":"https:\/\/www.zunoticia.com\/noticias-de-hidalgo\/wp-json\/wp\/v2\/comments?post=351258"}],"version-history":[{"count":1,"href":"https:\/\/www.zunoticia.com\/noticias-de-hidalgo\/wp-json\/wp\/v2\/posts\/351258\/revisions"}],"predecessor-version":[{"id":351281,"href":"https:\/\/www.zunoticia.com\/noticias-de-hidalgo\/wp-json\/wp\/v2\/posts\/351258\/revisions\/351281"}],"wp:featuredmedia":[{"embeddable":true,"href":"https:\/\/www.zunoticia.com\/noticias-de-hidalgo\/wp-json\/wp\/v2\/media\/351195"}],"wp:attachment":[{"href":"https:\/\/www.zunoticia.com\/noticias-de-hidalgo\/wp-json\/wp\/v2\/media?parent=351258"}],"wp:term":[{"taxonomy":"category","embeddable":true,"href":"https:\/\/www.zunoticia.com\/noticias-de-hidalgo\/wp-json\/wp\/v2\/categories?post=351258"},{"taxonomy":"post_tag","embeddable":true,"href":"https:\/\/www.zunoticia.com\/noticias-de-hidalgo\/wp-json\/wp\/v2\/tags?post=351258"}],"curies":[{"name":"wp","href":"https:\/\/api.w.org\/{rel}","templated":true}]}}