{"id":351260,"date":"2021-01-26T14:54:26","date_gmt":"2021-01-26T20:54:26","guid":{"rendered":"http:\/\/www.zunoticia.com\/noticias-de-hidalgo\/?p=351260"},"modified":"2021-01-27T10:28:00","modified_gmt":"2021-01-27T16:28:00","slug":"herido-al-caer-de-bicicleta","status":"publish","type":"post","link":"https:\/\/www.zunoticia.com\/noticias-de-hidalgo\/2021\/01\/26\/herido-al-caer-de-bicicleta\/","title":{"rendered":"Herido al caer de bicicleta"},"content":{"rendered":"<aside class=\"mashsb-container mashsb-main mashsb-stretched\"><div class=\"mashsb-box\"><div class=\"mashsb-count mash-large\" style=\"float:left\"><div class=\"counts mashsbcount\">0<\/div><span class=\"mashsb-sharetext\">SHARES<\/span><\/div><div class=\"mashsb-buttons\"><a class=\"mashicon-facebook mash-large mash-center mashsb-noshadow\" href=\"https:\/\/www.facebook.com\/sharer.php?u=https%3A%2F%2Fwww.zunoticia.com%2Fnoticias-de-hidalgo%2F2021%2F01%2F26%2Fherido-al-caer-de-bicicleta%2F\" target=\"_top\" rel=\"nofollow\"><span class=\"icon\"><\/span><span class=\"text\">Share<\/span><\/a><a class=\"mashicon-twitter mash-large mash-center mashsb-noshadow\" href=\"https:\/\/twitter.com\/intent\/tweet?text=&amp;url=https:\/\/www.zunoticia.com\/noticias-de-hidalgo\/2021\/01\/26\/herido-al-caer-de-bicicleta\/\" target=\"_top\" rel=\"nofollow\"><span class=\"icon\"><\/span><span class=\"text\">Tweet<\/span><\/a><div class=\"onoffswitch2 mash-large mashsb-noshadow\" style=\"display:none\"><\/div><\/div>\n            <\/div>\n                <div style=\"clear:both\"><\/div><div class=\"mashsb-toggle-container\"><\/div><\/aside>\n            <!-- Share buttons by mashshare.net - Version: 4.0.47--><p><strong>Huejutla, Hgo. &#8211;<\/strong> Un menor de edad result\u00f3 con probable fractura, luego de haber ca\u00eddo de su bicicleta presuntamente al evitar impactar a un peat\u00f3n que se le atraves\u00f3.<\/p>\n<p>El accidente se registr\u00f3 la tarde del lunes, alrededor de las 16:40 horas, sobre la Av. Revoluci\u00f3n de la zona centro, cuando param\u00e9dicos del Cuerpo de Bomberos recibieron el reporte, donde solicitaban el auxilio debido a que un ciclista se encontraba herido, luego de sufrir una ca\u00edda de su veh\u00edculo.<\/p>\n<p>Los bomberos y elementos policiacos se trasladaron al lugar, donde efectivamente se localiz\u00f3 al jovencito, quien coment\u00f3 ser vecino de la colonia Obrera y mencion\u00f3 tener 16 a\u00f1os de edad, as\u00ed mismo presentaba una probable fractura en el tabique nasal, por lo que fue trasladado a una cl\u00ednica particular para su valoraci\u00f3n m\u00e9dica.<\/p>\n<p>&nbsp;<\/p>\n<p>Coment\u00f3 que presuntamente un peat\u00f3n se le hab\u00eda atravesado repentinamente, lo que ocasion\u00f3 que perdiera el control de su unidad y cayera al pavimento.<\/p>\n<p>&nbsp;<\/p>\n<p><em>Por Zunoticia\/Redacci\u00f3n.<\/em><\/p>\n<p>&nbsp;<\/p>\n","protected":false},"excerpt":{"rendered":"<p>Huejutla, Hgo. &#8211; Un menor de edad result\u00f3 con probable fractura, luego de haber ca\u00eddo de su bicicleta presuntamente al evitar impactar a un peat\u00f3n que se le atraves\u00f3. El accidente se registr\u00f3 la tarde del lunes, alrededor de las 16:40 horas, sobre la Av. Revoluci\u00f3n de la zona centro, cuando param\u00e9dicos del Cuerpo de&hellip; <a class=\"more-link\" href=\"https:\/\/www.zunoticia.com\/noticias-de-hidalgo\/2021\/01\/26\/herido-al-caer-de-bicicleta\/\">Seguir leyendo <span class=\"screen-reader-text\">Herido al caer de bicicleta<\/span><\/a><\/p>\n","protected":false},"author":12,"featured_media":351168,"comment_status":"open","ping_status":"open","sticky":false,"template":"","format":"standard","meta":{"rop_custom_images_group":[],"rop_custom_messages_group":[],"rop_publish_now":"initial","rop_publish_now_accounts":{"facebook_10159540855086992_322828327761733":""},"rop_publish_now_history":[],"rop_publish_now_status":"pending","footnotes":""},"categories":[179,181,178],"tags":[121],"class_list":["post-351260","post","type-post","status-publish","format-standard","has-post-thumbnail","hentry","category-huasteca","category-huejutla","category-policiaca","tag-huejutla","entry"],"_links":{"self":[{"href":"https:\/\/www.zunoticia.com\/noticias-de-hidalgo\/wp-json\/wp\/v2\/posts\/351260","targetHints":{"allow":["GET"]}}],"collection":[{"href":"https:\/\/www.zunoticia.com\/noticias-de-hidalgo\/wp-json\/wp\/v2\/posts"}],"about":[{"href":"https:\/\/www.zunoticia.com\/noticias-de-hidalgo\/wp-json\/wp\/v2\/types\/post"}],"author":[{"embeddable":true,"href":"https:\/\/www.zunoticia.com\/noticias-de-hidalgo\/wp-json\/wp\/v2\/users\/12"}],"replies":[{"embeddable":true,"href":"https:\/\/www.zunoticia.com\/noticias-de-hidalgo\/wp-json\/wp\/v2\/comments?post=351260"}],"version-history":[{"count":1,"href":"https:\/\/www.zunoticia.com\/noticias-de-hidalgo\/wp-json\/wp\/v2\/posts\/351260\/revisions"}],"predecessor-version":[{"id":351306,"href":"https:\/\/www.zunoticia.com\/noticias-de-hidalgo\/wp-json\/wp\/v2\/posts\/351260\/revisions\/351306"}],"wp:featuredmedia":[{"embeddable":true,"href":"https:\/\/www.zunoticia.com\/noticias-de-hidalgo\/wp-json\/wp\/v2\/media\/351168"}],"wp:attachment":[{"href":"https:\/\/www.zunoticia.com\/noticias-de-hidalgo\/wp-json\/wp\/v2\/media?parent=351260"}],"wp:term":[{"taxonomy":"category","embeddable":true,"href":"https:\/\/www.zunoticia.com\/noticias-de-hidalgo\/wp-json\/wp\/v2\/categories?post=351260"},{"taxonomy":"post_tag","embeddable":true,"href":"https:\/\/www.zunoticia.com\/noticias-de-hidalgo\/wp-json\/wp\/v2\/tags?post=351260"}],"curies":[{"name":"wp","href":"https:\/\/api.w.org\/{rel}","templated":true}]}}