{"id":351275,"date":"2021-01-26T14:33:56","date_gmt":"2021-01-26T20:33:56","guid":{"rendered":"http:\/\/www.zunoticia.com\/noticias-de-hidalgo\/?p=351275"},"modified":"2021-01-26T14:33:56","modified_gmt":"2021-01-26T20:33:56","slug":"gobierno-municipal-conmemoro-el-dia-naranja","status":"publish","type":"post","link":"https:\/\/www.zunoticia.com\/noticias-de-hidalgo\/2021\/01\/26\/gobierno-municipal-conmemoro-el-dia-naranja\/","title":{"rendered":"GOBIERNO MUNICIPAL CONMEMOR\u00d3 EL D\u00cdA NARANJA"},"content":{"rendered":"<aside class=\"mashsb-container mashsb-main mashsb-stretched\"><div class=\"mashsb-box\"><div class=\"mashsb-count mash-large\" style=\"float:left\"><div class=\"counts mashsbcount\">0<\/div><span class=\"mashsb-sharetext\">SHARES<\/span><\/div><div class=\"mashsb-buttons\"><a class=\"mashicon-facebook mash-large mash-center mashsb-noshadow\" href=\"https:\/\/www.facebook.com\/sharer.php?u=https%3A%2F%2Fwww.zunoticia.com%2Fnoticias-de-hidalgo%2F2021%2F01%2F26%2Fgobierno-municipal-conmemoro-el-dia-naranja%2F\" target=\"_top\" rel=\"nofollow\"><span class=\"icon\"><\/span><span class=\"text\">Share<\/span><\/a><a class=\"mashicon-twitter mash-large mash-center mashsb-noshadow\" href=\"https:\/\/twitter.com\/intent\/tweet?text=&amp;url=https:\/\/www.zunoticia.com\/noticias-de-hidalgo\/2021\/01\/26\/gobierno-municipal-conmemoro-el-dia-naranja\/\" target=\"_top\" rel=\"nofollow\"><span class=\"icon\"><\/span><span class=\"text\">Tweet<\/span><\/a><div class=\"onoffswitch2 mash-large mashsb-noshadow\" style=\"display:none\"><\/div><\/div>\n            <\/div>\n                <div style=\"clear:both\"><\/div><div class=\"mashsb-toggle-container\"><\/div><\/aside>\n            <!-- Share buttons by mashshare.net - Version: 4.0.47--><p><strong>San Felipe Orizatl\u00e1n, Hgo.-<\/strong> Ayer por\u00a0 la ma\u00f1ana el Gobierno Municipal que preside Erika Saab Lara, a trav\u00e9s de la Instancia de la Mujer, conmemor\u00f3 como cada 25 de mes, el \u201cD\u00eda Naranja\u201d alusivo a la erradicaci\u00f3n de la violencia contra la mujer.<\/p>\n<p>Erika Saab Lara acompa\u00f1ada por el personal de las \u00e1reas de\u00a0 la alcald\u00eda, bajo todas las medidas de prevenci\u00f3n de COVID-19, realiz\u00f3 una peque\u00f1a\u00a0 concentraci\u00f3n en la explanada de la presidencia municipal.<\/p>\n<p>En su intervenci\u00f3n la alcaldesa destac\u00f3, que actualmente muchas ni\u00f1as y mujeres sufren distintas violencias y convoc\u00f3 a poner fin a esta situaci\u00f3n, recalc\u00f3 en que San Felipe Orizatl\u00e1n, las ni\u00f1as y las mujeres no est\u00e1n solas, cuentan con la mano amiga de este H. Ayuntamiento.<\/p>\n","protected":false},"excerpt":{"rendered":"<p>San Felipe Orizatl\u00e1n, Hgo.- Ayer por\u00a0 la ma\u00f1ana el Gobierno Municipal que preside Erika Saab Lara, a trav\u00e9s de la Instancia de la Mujer, conmemor\u00f3 como cada 25 de mes, el \u201cD\u00eda Naranja\u201d alusivo a la erradicaci\u00f3n de la violencia contra la mujer. Erika Saab Lara acompa\u00f1ada por el personal de las \u00e1reas de\u00a0 la&hellip; <a class=\"more-link\" href=\"https:\/\/www.zunoticia.com\/noticias-de-hidalgo\/2021\/01\/26\/gobierno-municipal-conmemoro-el-dia-naranja\/\">Seguir leyendo <span class=\"screen-reader-text\">GOBIERNO MUNICIPAL CONMEMOR\u00d3 EL D\u00cdA NARANJA<\/span><\/a><\/p>\n","protected":false},"author":12,"featured_media":351197,"comment_status":"open","ping_status":"open","sticky":false,"template":"","format":"standard","meta":{"rop_custom_images_group":[],"rop_custom_messages_group":[],"rop_publish_now":"initial","rop_publish_now_accounts":{"facebook_10159540855086992_322828327761733":""},"rop_publish_now_history":[],"rop_publish_now_status":"pending","footnotes":""},"categories":[179,180],"tags":[129],"class_list":["post-351275","post","type-post","status-publish","format-standard","has-post-thumbnail","hentry","category-huasteca","category-orizatlan","tag-orizatlan","entry"],"_links":{"self":[{"href":"https:\/\/www.zunoticia.com\/noticias-de-hidalgo\/wp-json\/wp\/v2\/posts\/351275","targetHints":{"allow":["GET"]}}],"collection":[{"href":"https:\/\/www.zunoticia.com\/noticias-de-hidalgo\/wp-json\/wp\/v2\/posts"}],"about":[{"href":"https:\/\/www.zunoticia.com\/noticias-de-hidalgo\/wp-json\/wp\/v2\/types\/post"}],"author":[{"embeddable":true,"href":"https:\/\/www.zunoticia.com\/noticias-de-hidalgo\/wp-json\/wp\/v2\/users\/12"}],"replies":[{"embeddable":true,"href":"https:\/\/www.zunoticia.com\/noticias-de-hidalgo\/wp-json\/wp\/v2\/comments?post=351275"}],"version-history":[{"count":1,"href":"https:\/\/www.zunoticia.com\/noticias-de-hidalgo\/wp-json\/wp\/v2\/posts\/351275\/revisions"}],"predecessor-version":[{"id":351298,"href":"https:\/\/www.zunoticia.com\/noticias-de-hidalgo\/wp-json\/wp\/v2\/posts\/351275\/revisions\/351298"}],"wp:featuredmedia":[{"embeddable":true,"href":"https:\/\/www.zunoticia.com\/noticias-de-hidalgo\/wp-json\/wp\/v2\/media\/351197"}],"wp:attachment":[{"href":"https:\/\/www.zunoticia.com\/noticias-de-hidalgo\/wp-json\/wp\/v2\/media?parent=351275"}],"wp:term":[{"taxonomy":"category","embeddable":true,"href":"https:\/\/www.zunoticia.com\/noticias-de-hidalgo\/wp-json\/wp\/v2\/categories?post=351275"},{"taxonomy":"post_tag","embeddable":true,"href":"https:\/\/www.zunoticia.com\/noticias-de-hidalgo\/wp-json\/wp\/v2\/tags?post=351275"}],"curies":[{"name":"wp","href":"https:\/\/api.w.org\/{rel}","templated":true}]}}