{"id":351308,"date":"2021-01-26T15:01:43","date_gmt":"2021-01-26T21:01:43","guid":{"rendered":"http:\/\/www.zunoticia.com\/noticias-de-hidalgo\/?p=351308"},"modified":"2021-01-27T10:27:37","modified_gmt":"2021-01-27T16:27:37","slug":"hombre-investigado-por-violencia-familiar","status":"publish","type":"post","link":"https:\/\/www.zunoticia.com\/noticias-de-hidalgo\/2021\/01\/26\/hombre-investigado-por-violencia-familiar\/","title":{"rendered":"Hombre investigado\u00a0por violencia familiar"},"content":{"rendered":"<aside class=\"mashsb-container mashsb-main mashsb-stretched\"><div class=\"mashsb-box\"><div class=\"mashsb-count mash-large\" style=\"float:left\"><div class=\"counts mashsbcount\">0<\/div><span class=\"mashsb-sharetext\">SHARES<\/span><\/div><div class=\"mashsb-buttons\"><a class=\"mashicon-facebook mash-large mash-center mashsb-noshadow\" href=\"https:\/\/www.facebook.com\/sharer.php?u=https%3A%2F%2Fwww.zunoticia.com%2Fnoticias-de-hidalgo%2F2021%2F01%2F26%2Fhombre-investigado-por-violencia-familiar%2F\" target=\"_top\" rel=\"nofollow\"><span class=\"icon\"><\/span><span class=\"text\">Share<\/span><\/a><a class=\"mashicon-twitter mash-large mash-center mashsb-noshadow\" href=\"https:\/\/twitter.com\/intent\/tweet?text=&amp;url=https:\/\/www.zunoticia.com\/noticias-de-hidalgo\/2021\/01\/26\/hombre-investigado-por-violencia-familiar\/\" target=\"_top\" rel=\"nofollow\"><span class=\"icon\"><\/span><span class=\"text\">Tweet<\/span><\/a><div class=\"onoffswitch2 mash-large mashsb-noshadow\" style=\"display:none\"><\/div><\/div>\n            <\/div>\n                <div style=\"clear:both\"><\/div><div class=\"mashsb-toggle-container\"><\/div><\/aside>\n            <!-- Share buttons by mashshare.net - Version: 4.0.47--><ul>\n<li><em>El imputado enfrenta una querella en el Ministerio P\u00fablico.<\/em><\/li>\n<\/ul>\n<p><strong>Huejutla, Hgo.-<\/strong> Persona del sexo masculino, se\u00f1alada como probable responsable por el delito de violencia familiar, es investigado por las autoridades ministeriales.<br \/>\nEl imputado de nombre Julio Cesar N.N., enfrenta una denuncia penal en el Ministerio P\u00fablico, tal como qued\u00f3 asentado en la carpeta de investigaci\u00f3n 05-2021-00040 por el delito antes mencionado.<br \/>\nLos hechos que se le atribuyen, sucedieron en la colonia Coco Grande de esta ciudad y seg\u00fan el expediente, la querella fue presentada por la supuesta v\u00edctima de nombre Carmen N.N.<br \/>\nFinalmente se informa, que el caso ya est\u00e1 siendo indagado por agentes de la Polic\u00eda Investigadora del grupo Huejutla, para que el representante social que lleva el asunto, integre el expediente.<br \/>\n<em>Por Zunoticia\/Redacci\u00f3n.<\/em><\/p>\n","protected":false},"excerpt":{"rendered":"<p>El imputado enfrenta una querella en el Ministerio P\u00fablico. Huejutla, Hgo.- Persona del sexo masculino, se\u00f1alada como probable responsable por el delito de violencia familiar, es investigado por las autoridades ministeriales. El imputado de nombre Julio Cesar N.N., enfrenta una denuncia penal en el Ministerio P\u00fablico, tal como qued\u00f3 asentado en la carpeta de investigaci\u00f3n&hellip; <a class=\"more-link\" href=\"https:\/\/www.zunoticia.com\/noticias-de-hidalgo\/2021\/01\/26\/hombre-investigado-por-violencia-familiar\/\">Seguir leyendo <span class=\"screen-reader-text\">Hombre investigado\u00a0por violencia familiar<\/span><\/a><\/p>\n","protected":false},"author":12,"featured_media":351170,"comment_status":"open","ping_status":"open","sticky":false,"template":"","format":"standard","meta":{"rop_custom_images_group":[],"rop_custom_messages_group":[],"rop_publish_now":"initial","rop_publish_now_accounts":{"facebook_10159540855086992_322828327761733":""},"rop_publish_now_history":[],"rop_publish_now_status":"pending","footnotes":""},"categories":[179,181,178],"tags":[121],"class_list":["post-351308","post","type-post","status-publish","format-standard","has-post-thumbnail","hentry","category-huasteca","category-huejutla","category-policiaca","tag-huejutla","entry"],"_links":{"self":[{"href":"https:\/\/www.zunoticia.com\/noticias-de-hidalgo\/wp-json\/wp\/v2\/posts\/351308","targetHints":{"allow":["GET"]}}],"collection":[{"href":"https:\/\/www.zunoticia.com\/noticias-de-hidalgo\/wp-json\/wp\/v2\/posts"}],"about":[{"href":"https:\/\/www.zunoticia.com\/noticias-de-hidalgo\/wp-json\/wp\/v2\/types\/post"}],"author":[{"embeddable":true,"href":"https:\/\/www.zunoticia.com\/noticias-de-hidalgo\/wp-json\/wp\/v2\/users\/12"}],"replies":[{"embeddable":true,"href":"https:\/\/www.zunoticia.com\/noticias-de-hidalgo\/wp-json\/wp\/v2\/comments?post=351308"}],"version-history":[{"count":1,"href":"https:\/\/www.zunoticia.com\/noticias-de-hidalgo\/wp-json\/wp\/v2\/posts\/351308\/revisions"}],"predecessor-version":[{"id":351317,"href":"https:\/\/www.zunoticia.com\/noticias-de-hidalgo\/wp-json\/wp\/v2\/posts\/351308\/revisions\/351317"}],"wp:featuredmedia":[{"embeddable":true,"href":"https:\/\/www.zunoticia.com\/noticias-de-hidalgo\/wp-json\/wp\/v2\/media\/351170"}],"wp:attachment":[{"href":"https:\/\/www.zunoticia.com\/noticias-de-hidalgo\/wp-json\/wp\/v2\/media?parent=351308"}],"wp:term":[{"taxonomy":"category","embeddable":true,"href":"https:\/\/www.zunoticia.com\/noticias-de-hidalgo\/wp-json\/wp\/v2\/categories?post=351308"},{"taxonomy":"post_tag","embeddable":true,"href":"https:\/\/www.zunoticia.com\/noticias-de-hidalgo\/wp-json\/wp\/v2\/tags?post=351308"}],"curies":[{"name":"wp","href":"https:\/\/api.w.org\/{rel}","templated":true}]}}