{"id":353072,"date":"2021-02-04T12:58:37","date_gmt":"2021-02-04T18:58:37","guid":{"rendered":"http:\/\/www.zunoticia.com\/noticias-de-hidalgo\/?p=353072"},"modified":"2021-02-04T12:58:37","modified_gmt":"2021-02-04T18:58:37","slug":"la-secundaria-tecnica-22-prolonga-el-proceso-de-preinscripcion","status":"publish","type":"post","link":"https:\/\/www.zunoticia.com\/noticias-de-hidalgo\/2021\/02\/04\/la-secundaria-tecnica-22-prolonga-el-proceso-de-preinscripcion\/","title":{"rendered":"La Secundaria T\u00e9cnica 22 prolonga el proceso de preinscripci\u00f3n"},"content":{"rendered":"<aside class=\"mashsb-container mashsb-main mashsb-stretched\"><div class=\"mashsb-box\"><div class=\"mashsb-count mash-large\" style=\"float:left\"><div class=\"counts mashsbcount\">0<\/div><span class=\"mashsb-sharetext\">SHARES<\/span><\/div><div class=\"mashsb-buttons\"><a class=\"mashicon-facebook mash-large mash-center mashsb-noshadow\" href=\"https:\/\/www.facebook.com\/sharer.php?u=https%3A%2F%2Fwww.zunoticia.com%2Fnoticias-de-hidalgo%2F2021%2F02%2F04%2Fla-secundaria-tecnica-22-prolonga-el-proceso-de-preinscripcion%2F\" target=\"_top\" rel=\"nofollow\"><span class=\"icon\"><\/span><span class=\"text\">Share<\/span><\/a><a class=\"mashicon-twitter mash-large mash-center mashsb-noshadow\" href=\"https:\/\/twitter.com\/intent\/tweet?text=&amp;url=https:\/\/www.zunoticia.com\/noticias-de-hidalgo\/2021\/02\/04\/la-secundaria-tecnica-22-prolonga-el-proceso-de-preinscripcion\/\" target=\"_top\" rel=\"nofollow\"><span class=\"icon\"><\/span><span class=\"text\">Tweet<\/span><\/a><div class=\"onoffswitch2 mash-large mashsb-noshadow\" style=\"display:none\"><\/div><\/div>\n            <\/div>\n                <div style=\"clear:both\"><\/div><div class=\"mashsb-toggle-container\"><\/div><\/aside>\n            <!-- Share buttons by mashshare.net - Version: 4.0.47-->\n<p><strong>Atlapexco, Hgo.- <\/strong>Juan Fernando N\u00e1jera Ram\u00edrez, Director de la Escuela Secundaria T\u00e9cnica 22 &#8220;Justo Sierra&#8221;, mencion\u00f3 en entrevista para Zunoticia el inicio del proceso de preinscripci\u00f3n para el ciclo escolar 2021- 2022, donde los aspirantes\u00a0 podr\u00e1n acudir a la instituci\u00f3n de lunes\u00a0 a viernes en un horario de 8:00 A.M a 2:00 P.M.<br>Para evitar aglomeraciones y brindar una mejor atenci\u00f3n se ha prolongado el proceso de registro durante todo el mes de Febrero, pues dijo que lo primordial es cuidar la salud de cada integrante de la familia, por lo consiguiente los padres podr\u00e1n acudir a la instituci\u00f3n siguiendo cada una de las medidas sanitarias sin la necesidad de hacer largas filas.<br>Los requisitos a primer grado de Secundaria son: Copia del acta de nacimiento, copia de la clave \u00fanica de registro de poblaci\u00f3n (CURP), peso y estatura del alumno, copia del acta de nacimiento de padre y madre, copia de la CURP de padre y madre y un comprobante de domicilio.<br>Finalmente, N\u00e1jera Ram\u00edrez refiri\u00f3 que la capacitaci\u00f3n constante es un tema muy importante tanto para los alumnos como para los docentes, por ello durante este proceso, el personal administrativo y directivos de la Secundaria T\u00e9cnica se encuentran participando en distintos cursos para actualizar el proceso de ense\u00f1anza y brindar una educaci\u00f3n de calidad.<\/p>\n\n\n\n<p><em>Por Rodrigo Hern\u00e1ndez \/ Redacci\u00f3n<\/em><\/p>\n","protected":false},"excerpt":{"rendered":"<p>Atlapexco, Hgo.- Juan Fernando N\u00e1jera Ram\u00edrez, Director de la Escuela Secundaria T\u00e9cnica 22 &#8220;Justo Sierra&#8221;, mencion\u00f3 en entrevista para Zunoticia el inicio del proceso de preinscripci\u00f3n para el ciclo escolar 2021- 2022, donde los aspirantes\u00a0 podr\u00e1n acudir a la instituci\u00f3n de lunes\u00a0 a viernes en un horario de 8:00 A.M a 2:00 P.M.Para evitar aglomeraciones&hellip; <a class=\"more-link\" href=\"https:\/\/www.zunoticia.com\/noticias-de-hidalgo\/2021\/02\/04\/la-secundaria-tecnica-22-prolonga-el-proceso-de-preinscripcion\/\">Seguir leyendo <span class=\"screen-reader-text\">La Secundaria T\u00e9cnica 22 prolonga el proceso de preinscripci\u00f3n<\/span><\/a><\/p>\n","protected":false},"author":12,"featured_media":352928,"comment_status":"open","ping_status":"open","sticky":false,"template":"","format":"standard","meta":{"rop_custom_images_group":[],"rop_custom_messages_group":[],"rop_publish_now":"initial","rop_publish_now_accounts":{"facebook_10159540855086992_322828327761733":""},"rop_publish_now_history":[],"rop_publish_now_status":"pending","footnotes":""},"categories":[182,179],"tags":[133],"class_list":["post-353072","post","type-post","status-publish","format-standard","has-post-thumbnail","hentry","category-atlapexco","category-huasteca","tag-atlapexco","entry"],"_links":{"self":[{"href":"https:\/\/www.zunoticia.com\/noticias-de-hidalgo\/wp-json\/wp\/v2\/posts\/353072","targetHints":{"allow":["GET"]}}],"collection":[{"href":"https:\/\/www.zunoticia.com\/noticias-de-hidalgo\/wp-json\/wp\/v2\/posts"}],"about":[{"href":"https:\/\/www.zunoticia.com\/noticias-de-hidalgo\/wp-json\/wp\/v2\/types\/post"}],"author":[{"embeddable":true,"href":"https:\/\/www.zunoticia.com\/noticias-de-hidalgo\/wp-json\/wp\/v2\/users\/12"}],"replies":[{"embeddable":true,"href":"https:\/\/www.zunoticia.com\/noticias-de-hidalgo\/wp-json\/wp\/v2\/comments?post=353072"}],"version-history":[{"count":1,"href":"https:\/\/www.zunoticia.com\/noticias-de-hidalgo\/wp-json\/wp\/v2\/posts\/353072\/revisions"}],"predecessor-version":[{"id":353106,"href":"https:\/\/www.zunoticia.com\/noticias-de-hidalgo\/wp-json\/wp\/v2\/posts\/353072\/revisions\/353106"}],"wp:featuredmedia":[{"embeddable":true,"href":"https:\/\/www.zunoticia.com\/noticias-de-hidalgo\/wp-json\/wp\/v2\/media\/352928"}],"wp:attachment":[{"href":"https:\/\/www.zunoticia.com\/noticias-de-hidalgo\/wp-json\/wp\/v2\/media?parent=353072"}],"wp:term":[{"taxonomy":"category","embeddable":true,"href":"https:\/\/www.zunoticia.com\/noticias-de-hidalgo\/wp-json\/wp\/v2\/categories?post=353072"},{"taxonomy":"post_tag","embeddable":true,"href":"https:\/\/www.zunoticia.com\/noticias-de-hidalgo\/wp-json\/wp\/v2\/tags?post=353072"}],"curies":[{"name":"wp","href":"https:\/\/api.w.org\/{rel}","templated":true}]}}