{"id":362076,"date":"2021-03-21T00:31:36","date_gmt":"2021-03-21T06:31:36","guid":{"rendered":"http:\/\/www.zunoticia.com\/noticias-de-hidalgo\/?p=362076"},"modified":"2021-03-21T00:31:37","modified_gmt":"2021-03-21T06:31:37","slug":"parroco-explica-la-importancia-del-equinoccio","status":"publish","type":"post","link":"https:\/\/www.zunoticia.com\/noticias-de-hidalgo\/2021\/03\/21\/parroco-explica-la-importancia-del-equinoccio\/","title":{"rendered":"P\u00e1rroco explica la importancia del equinoccio"},"content":{"rendered":"<aside class=\"mashsb-container mashsb-main mashsb-stretched\"><div class=\"mashsb-box\"><div class=\"mashsb-count mash-large\" style=\"float:left\"><div class=\"counts mashsbcount\">28<\/div><span class=\"mashsb-sharetext\">SHARES<\/span><\/div><div class=\"mashsb-buttons\"><a class=\"mashicon-facebook mash-large mash-center mashsb-noshadow\" href=\"https:\/\/www.facebook.com\/sharer.php?u=https%3A%2F%2Fwww.zunoticia.com%2Fnoticias-de-hidalgo%2F2021%2F03%2F21%2Fparroco-explica-la-importancia-del-equinoccio%2F\" target=\"_top\" rel=\"nofollow\"><span class=\"icon\"><\/span><span class=\"text\">Share<\/span><\/a><a class=\"mashicon-twitter mash-large mash-center mashsb-noshadow\" href=\"https:\/\/twitter.com\/intent\/tweet?text=&amp;url=https:\/\/www.zunoticia.com\/noticias-de-hidalgo\/2021\/03\/21\/parroco-explica-la-importancia-del-equinoccio\/\" target=\"_top\" rel=\"nofollow\"><span class=\"icon\"><\/span><span class=\"text\">Tweet<\/span><\/a><div class=\"onoffswitch2 mash-large mashsb-noshadow\" style=\"display:none\"><\/div><\/div>\n            <\/div>\n                <div style=\"clear:both\"><\/div><div class=\"mashsb-toggle-container\"><\/div><\/aside>\n            <!-- Share buttons by mashshare.net - Version: 4.0.47-->\n<p><strong>Yahualica, Hgo.-<\/strong> Al participar en el desarrollo de las actividades del equinoccio, el p\u00e1rroco Sim\u00f3n Hern\u00e1ndez Alvarado, se\u00f1al\u00f3 que es de suma importancia ya que ello encierra el misticismo de los ancestros y sobre todo la oraci\u00f3n de los cuatro puntos cardinales \u201ces necesario que lo conozcan\u201d.<\/p>\n\n\n\n<p>Hern\u00e1ndez Alvarado dijo &#8220;yo agradezco hermanos y hermanas, amigos y amigas estos espacios que fortalecen a la ciudadan\u00eda en general de la regi\u00f3n, agradecer al gobierno municipal que preside El\u00edas Sanju\u00e1n a trav\u00e9s del \u00e1rea de Cultura por el encuentro y la convivencia de todos.<\/p>\n\n\n\n<p>La oraci\u00f3n de los 4 puntos cardinales tiene por objetivo la armon\u00eda, el encuentro de las personas, por ejemplo al oriente nosotros invocamos la luz que nos gu\u00eda, la luz que nos lleva y conduce; en el poniente encontramos el ocaso de aquel dolor que vive y sufre el ser humano d\u00eda a d\u00eda; en el norte tenemos la esperanza de la vida, donde nos llega el agua, el viento bueno que nos da fortaleza y que los sopla para darnos brillo en el rostro en el coraz\u00f3n, del esp\u00edritu y tambi\u00e9n hicimos oraci\u00f3n en el sur que es punto cardinal de lo misterioso, de lo desconocido y en este punto invocamos nuestras metas para alcanzar\u201d.<\/p>\n\n\n\n<p>Por \u00faltimo, dijo, es necesario este tipo de actividades ya que purifican el cuerpo y el alma para el bien de los seres humanos, con esto reconocemos al gobierno local por proyectar estas acciones.<\/p>\n\n\n\n<p><em>Por Roberto Meza\/Zunoticia.<\/em><\/p>\n","protected":false},"excerpt":{"rendered":"<p>Yahualica, Hgo.- Al participar en el desarrollo de las actividades del equinoccio, el p\u00e1rroco Sim\u00f3n Hern\u00e1ndez Alvarado, se\u00f1al\u00f3 que es de suma importancia ya que ello encierra el misticismo de los ancestros y sobre todo la oraci\u00f3n de los cuatro puntos cardinales \u201ces necesario que lo conozcan\u201d. Hern\u00e1ndez Alvarado dijo &#8220;yo agradezco hermanos y hermanas,&hellip; <a class=\"more-link\" href=\"https:\/\/www.zunoticia.com\/noticias-de-hidalgo\/2021\/03\/21\/parroco-explica-la-importancia-del-equinoccio\/\">Seguir leyendo <span class=\"screen-reader-text\">P\u00e1rroco explica la importancia del equinoccio<\/span><\/a><\/p>\n","protected":false},"author":12,"featured_media":362002,"comment_status":"open","ping_status":"open","sticky":false,"template":"","format":"standard","meta":{"rop_custom_images_group":[],"rop_custom_messages_group":[],"rop_publish_now":"initial","rop_publish_now_accounts":{"facebook_10159540855086992_322828327761733":""},"rop_publish_now_history":[],"rop_publish_now_status":"pending","footnotes":""},"categories":[179,203],"tags":[123],"class_list":["post-362076","post","type-post","status-publish","format-standard","has-post-thumbnail","hentry","category-huasteca","category-yahualica","tag-yahualica","entry"],"_links":{"self":[{"href":"https:\/\/www.zunoticia.com\/noticias-de-hidalgo\/wp-json\/wp\/v2\/posts\/362076","targetHints":{"allow":["GET"]}}],"collection":[{"href":"https:\/\/www.zunoticia.com\/noticias-de-hidalgo\/wp-json\/wp\/v2\/posts"}],"about":[{"href":"https:\/\/www.zunoticia.com\/noticias-de-hidalgo\/wp-json\/wp\/v2\/types\/post"}],"author":[{"embeddable":true,"href":"https:\/\/www.zunoticia.com\/noticias-de-hidalgo\/wp-json\/wp\/v2\/users\/12"}],"replies":[{"embeddable":true,"href":"https:\/\/www.zunoticia.com\/noticias-de-hidalgo\/wp-json\/wp\/v2\/comments?post=362076"}],"version-history":[{"count":1,"href":"https:\/\/www.zunoticia.com\/noticias-de-hidalgo\/wp-json\/wp\/v2\/posts\/362076\/revisions"}],"predecessor-version":[{"id":362090,"href":"https:\/\/www.zunoticia.com\/noticias-de-hidalgo\/wp-json\/wp\/v2\/posts\/362076\/revisions\/362090"}],"wp:featuredmedia":[{"embeddable":true,"href":"https:\/\/www.zunoticia.com\/noticias-de-hidalgo\/wp-json\/wp\/v2\/media\/362002"}],"wp:attachment":[{"href":"https:\/\/www.zunoticia.com\/noticias-de-hidalgo\/wp-json\/wp\/v2\/media?parent=362076"}],"wp:term":[{"taxonomy":"category","embeddable":true,"href":"https:\/\/www.zunoticia.com\/noticias-de-hidalgo\/wp-json\/wp\/v2\/categories?post=362076"},{"taxonomy":"post_tag","embeddable":true,"href":"https:\/\/www.zunoticia.com\/noticias-de-hidalgo\/wp-json\/wp\/v2\/tags?post=362076"}],"curies":[{"name":"wp","href":"https:\/\/api.w.org\/{rel}","templated":true}]}}