{"id":362201,"date":"2021-03-22T12:17:08","date_gmt":"2021-03-22T18:17:08","guid":{"rendered":"http:\/\/www.zunoticia.com\/noticias-de-hidalgo\/?p=362201"},"modified":"2021-03-22T12:17:09","modified_gmt":"2021-03-22T18:17:09","slug":"conmemoran-el-215-aniversario-del-natalicio-de-benito-juarez","status":"publish","type":"post","link":"https:\/\/www.zunoticia.com\/noticias-de-hidalgo\/2021\/03\/22\/conmemoran-el-215-aniversario-del-natalicio-de-benito-juarez\/","title":{"rendered":"Conmemoran el 215 aniversario del natalicio de Benito Ju\u00e1rez"},"content":{"rendered":"<aside class=\"mashsb-container mashsb-main mashsb-stretched\"><div class=\"mashsb-box\"><div class=\"mashsb-count mash-large\" style=\"float:left\"><div class=\"counts mashsbcount\">0<\/div><span class=\"mashsb-sharetext\">SHARES<\/span><\/div><div class=\"mashsb-buttons\"><a class=\"mashicon-facebook mash-large mash-center mashsb-noshadow\" href=\"https:\/\/www.facebook.com\/sharer.php?u=https%3A%2F%2Fwww.zunoticia.com%2Fnoticias-de-hidalgo%2F2021%2F03%2F22%2Fconmemoran-el-215-aniversario-del-natalicio-de-benito-juarez%2F\" target=\"_top\" rel=\"nofollow\"><span class=\"icon\"><\/span><span class=\"text\">Share<\/span><\/a><a class=\"mashicon-twitter mash-large mash-center mashsb-noshadow\" href=\"https:\/\/twitter.com\/intent\/tweet?text=&amp;url=https:\/\/www.zunoticia.com\/noticias-de-hidalgo\/2021\/03\/22\/conmemoran-el-215-aniversario-del-natalicio-de-benito-juarez\/\" target=\"_top\" rel=\"nofollow\"><span class=\"icon\"><\/span><span class=\"text\">Tweet<\/span><\/a><div class=\"onoffswitch2 mash-large mashsb-noshadow\" style=\"display:none\"><\/div><\/div>\n            <\/div>\n                <div style=\"clear:both\"><\/div><div class=\"mashsb-toggle-container\"><\/div><\/aside>\n            <!-- Share buttons by mashshare.net - Version: 4.0.47-->\n<ul class=\"wp-block-list\"><li><em>En presencia de la\u00a0 Presidente del DIF Municipal, Lic. Patricia Rodr\u00edguez Murillo; la H. Asamblea Municipal, directores de \u00e1rea y Seguridad P\u00fablica.<\/em><\/li><\/ul>\n\n\n\n<p><strong>Yahualica, Hgo.-<\/strong> En punto de las 9:00 hrs. el Alcalde El\u00edas Sanju\u00e1n S\u00e1nchez, encabez\u00f3 la conmemoraci\u00f3n del 2015 aniversario del Ex Presidente de M\u00e9xico Don Benito Pablo Ju\u00e1rez Garc\u00eda, en el monumento ubicado a un costado de la Presidencia Municipal.<\/p>\n\n\n\n<p>En su mensaje el alcalde expres\u00f3 \u201cSiento una profunda admiraci\u00f3n por todos los que seguimos conmemorando el renacimiento de un&nbsp; hombre luchador social, visionario republicano, un hombre no solamente reconocido en M\u00e9xico sino en toda Am\u00e9rica, as\u00ed mismo, invito a que sigamos su ejemplo y como funcionarios p\u00fablicos seguir trabajando con humildad, sencillez, seguir emp\u00e1ticos con nuestro pueblo con nuestros hermanos ind\u00edgenas&#8221;.<\/p>\n\n\n\n<p>En el evento estuvieron presentes la Presidenta del DIF Municipal, Lic. Patricia Rodr\u00edguez Murillo; la H. Asamblea Municipal, directores de \u00e1rea y Seguridad P\u00fablica.<\/p>\n","protected":false},"excerpt":{"rendered":"<p>En presencia de la\u00a0 Presidente del DIF Municipal, Lic. Patricia Rodr\u00edguez Murillo; la H. Asamblea Municipal, directores de \u00e1rea y Seguridad P\u00fablica. Yahualica, Hgo.- En punto de las 9:00 hrs. el Alcalde El\u00edas Sanju\u00e1n S\u00e1nchez, encabez\u00f3 la conmemoraci\u00f3n del 2015 aniversario del Ex Presidente de M\u00e9xico Don Benito Pablo Ju\u00e1rez Garc\u00eda, en el monumento ubicado&hellip; <a class=\"more-link\" href=\"https:\/\/www.zunoticia.com\/noticias-de-hidalgo\/2021\/03\/22\/conmemoran-el-215-aniversario-del-natalicio-de-benito-juarez\/\">Seguir leyendo <span class=\"screen-reader-text\">Conmemoran el 215 aniversario del natalicio de Benito Ju\u00e1rez<\/span><\/a><\/p>\n","protected":false},"author":12,"featured_media":362156,"comment_status":"open","ping_status":"open","sticky":false,"template":"","format":"standard","meta":{"rop_custom_images_group":[],"rop_custom_messages_group":[],"rop_publish_now":"initial","rop_publish_now_accounts":{"facebook_10159540855086992_322828327761733":""},"rop_publish_now_history":[],"rop_publish_now_status":"pending","footnotes":""},"categories":[179,203],"tags":[123],"class_list":["post-362201","post","type-post","status-publish","format-standard","has-post-thumbnail","hentry","category-huasteca","category-yahualica","tag-yahualica","entry"],"_links":{"self":[{"href":"https:\/\/www.zunoticia.com\/noticias-de-hidalgo\/wp-json\/wp\/v2\/posts\/362201","targetHints":{"allow":["GET"]}}],"collection":[{"href":"https:\/\/www.zunoticia.com\/noticias-de-hidalgo\/wp-json\/wp\/v2\/posts"}],"about":[{"href":"https:\/\/www.zunoticia.com\/noticias-de-hidalgo\/wp-json\/wp\/v2\/types\/post"}],"author":[{"embeddable":true,"href":"https:\/\/www.zunoticia.com\/noticias-de-hidalgo\/wp-json\/wp\/v2\/users\/12"}],"replies":[{"embeddable":true,"href":"https:\/\/www.zunoticia.com\/noticias-de-hidalgo\/wp-json\/wp\/v2\/comments?post=362201"}],"version-history":[{"count":1,"href":"https:\/\/www.zunoticia.com\/noticias-de-hidalgo\/wp-json\/wp\/v2\/posts\/362201\/revisions"}],"predecessor-version":[{"id":362214,"href":"https:\/\/www.zunoticia.com\/noticias-de-hidalgo\/wp-json\/wp\/v2\/posts\/362201\/revisions\/362214"}],"wp:featuredmedia":[{"embeddable":true,"href":"https:\/\/www.zunoticia.com\/noticias-de-hidalgo\/wp-json\/wp\/v2\/media\/362156"}],"wp:attachment":[{"href":"https:\/\/www.zunoticia.com\/noticias-de-hidalgo\/wp-json\/wp\/v2\/media?parent=362201"}],"wp:term":[{"taxonomy":"category","embeddable":true,"href":"https:\/\/www.zunoticia.com\/noticias-de-hidalgo\/wp-json\/wp\/v2\/categories?post=362201"},{"taxonomy":"post_tag","embeddable":true,"href":"https:\/\/www.zunoticia.com\/noticias-de-hidalgo\/wp-json\/wp\/v2\/tags?post=362201"}],"curies":[{"name":"wp","href":"https:\/\/api.w.org\/{rel}","templated":true}]}}