{"id":370682,"date":"2021-04-30T14:38:34","date_gmt":"2021-04-30T20:38:34","guid":{"rendered":"http:\/\/www.zunoticia.com\/noticias-de-hidalgo\/?p=370682"},"modified":"2021-04-30T14:38:35","modified_gmt":"2021-04-30T20:38:35","slug":"conmemoraran-el-39-aniversario-de-la-comunidad-de-crisolco","status":"publish","type":"post","link":"https:\/\/www.zunoticia.com\/noticias-de-hidalgo\/2021\/04\/30\/conmemoraran-el-39-aniversario-de-la-comunidad-de-crisolco\/","title":{"rendered":"Conmemorar\u00e1n el 39 aniversario de la comunidad de Crisolco"},"content":{"rendered":"<aside class=\"mashsb-container mashsb-main mashsb-stretched\"><div class=\"mashsb-box\"><div class=\"mashsb-count mash-large\" style=\"float:left\"><div class=\"counts mashsbcount\">0<\/div><span class=\"mashsb-sharetext\">SHARES<\/span><\/div><div class=\"mashsb-buttons\"><a class=\"mashicon-facebook mash-large mash-center mashsb-noshadow\" href=\"https:\/\/www.facebook.com\/sharer.php?u=https%3A%2F%2Fwww.zunoticia.com%2Fnoticias-de-hidalgo%2F2021%2F04%2F30%2Fconmemoraran-el-39-aniversario-de-la-comunidad-de-crisolco%2F\" target=\"_top\" rel=\"nofollow\"><span class=\"icon\"><\/span><span class=\"text\">Share<\/span><\/a><a class=\"mashicon-twitter mash-large mash-center mashsb-noshadow\" href=\"https:\/\/twitter.com\/intent\/tweet?text=&amp;url=https:\/\/www.zunoticia.com\/noticias-de-hidalgo\/2021\/04\/30\/conmemoraran-el-39-aniversario-de-la-comunidad-de-crisolco\/\" target=\"_top\" rel=\"nofollow\"><span class=\"icon\"><\/span><span class=\"text\">Tweet<\/span><\/a><div class=\"onoffswitch2 mash-large mashsb-noshadow\" style=\"display:none\"><\/div><\/div>\n            <\/div>\n                <div style=\"clear:both\"><\/div><div class=\"mashsb-toggle-container\"><\/div><\/aside>\n            <!-- Share buttons by mashshare.net - Version: 4.0.47-->\n<p><strong>Yahualica, Hgo.-<\/strong> Las autoridades civiles y ejidales, as\u00ed como vecinos en general de la comunidad de Crisolco, Yahualica,&nbsp; en coordinaci\u00f3n con las comunidades organizadas en el Frente Nacional de Lucha por el Socialismo (FNLS); conmemorar\u00e1n&nbsp; el 39 aniversario de la recuperaci\u00f3n de la tierra y su defensa, fundaci\u00f3n del N\u00facleo de Poblaci\u00f3n Ejidal de Crisolco y la persistente lucha por los derechos econ\u00f3micos, pol\u00edticos y sociales estipulados en la Constituci\u00f3n Pol\u00edtica de los Estados Unidos Mexicanos.<\/p>\n\n\n\n<p>El evento se efectuar\u00e1 el pr\u00f3ximo 5 de mayo de 2021, en el siguiente orden del d\u00eda: 9:00 a 13:00 horas, difusi\u00f3n regional del evento de aniversario. A las 15:00 horas, concentraci\u00f3n de los asistentes al evento en la entrada de la comunidad de Crisolco. A las 18:00 horas, Programa pol\u00edtico cultural. A partir de las 20:00 hrs. baile popular con la tradicional banda de viento \u201cFlor del R\u00edo\u201d, de la comunidad organizada de Metlatepec, Huautla, Hgo.<\/p>\n\n\n\n<p>Mat\u00edas Flores, integrante de FDOMEZ, explic\u00f3 que la posesi\u00f3n de derecho sobre la tierra, como campesinos pobres, solo fue posible con la organizaci\u00f3n del pueblo de manera independiente, fuera de las centrales campesinas corporativizadas y de los partidos pol\u00edticos electoreros. Nuestra lucha la emprendimos en las organizaciones Campesinos Unidos de la Sierra Oriental (CUSO), Comit\u00e9s Agrarios del Norte de Veracruz (CANVHEZ) y Organizaci\u00f3n Independiente de Pueblos Unidos de las Huastecas (OIPUH). Unidad del pueblo concretada en el Frente Democr\u00e1tico Oriental de M\u00e9xico \u201cEmiliano Zapata\u201d (FDOMEZ) en lo local, y, en el Movimiento Democr\u00e1tico Independiente (MDI), en el plano nacional, antecedente organizativo de lo que es hoy el FNLS.<\/p>\n\n\n\n<p>Con la unidad obrero-campesina, coordinaci\u00f3n y solidaridad de organizaciones hermanas del campo y la ciudad se objetiv\u00f3 el derecho a la tierra, denunci\u00f3 el car\u00e1cter sanguinario de los caciques, desenmascar\u00f3 la demagogia y represi\u00f3n de los tres \u00f3rdenes de gobierno.<\/p>\n\n\n\n<p>Coment\u00f3 que la respuesta a las&nbsp; demandas por gobiernos de ayer y hoy, sin distingo de color partidista, fue y ha sido la dilaci\u00f3n, enga\u00f1o, manipulaci\u00f3n pol\u00edtico jur\u00eddica y represi\u00f3n. La impunidad por todos los cr\u00edmenes cometidos contra el pueblo contin\u00faa y sigue acrecentando la lista de v\u00edctimas. El despojo de nuestro \u00fanico patrimonio colectivo, la tierra, se pretende consumar a trav\u00e9s de la manipulaci\u00f3n pol\u00edtica y jur\u00eddica por las instituciones agrarias para favorecer y saciar ambiciones de particulares que alientan a la confrontaci\u00f3n y hechos de sangre como los casos de las comunidades de Crisolco, Yahualica y Techimal, Tianguistengo, Hgo.<\/p>\n\n\n\n<p>Refiri\u00f3 que con asesinatos pol\u00edticos, desapariciones forzadas, carpetas incriminatorias, demandas judiciales y encarcelamientos injustos el estado pretende someter la defensa de la tierra, consumar el despojo y doblegar la participaci\u00f3n consciente a todos los que luchamos por el socialismo.<\/p>\n\n\n\n<p>El car\u00e1cter demag\u00f3gico, antipopular y represivo del gobierno actual se refleja contra el pueblo organizado y no organizado que no se deja manipular por los nuevos intentos de corporativizaci\u00f3n.<\/p>\n\n\n\n<p>Apunt\u00f3&nbsp; que la coacci\u00f3n es ejercida a trav\u00e9s de los cuerpos represivos y la distribuci\u00f3n de migajas con la pretensi\u00f3n de ganar masas clientelares y anular a los opositores del r\u00e9gimen. La democracia burguesa impone gobiernos burgueses y es sostenido por los cuerpos policiacos y militares, el cambio de los personeros del r\u00e9gimen y el nombre de los partidos pol\u00edticos es parte de su metamorfosis con la pretensi\u00f3n de manipular al pueblo trabajador, legitimarse y darle continuidad al sistema explotador.<\/p>\n\n\n\n<p>Confirm\u00f3&nbsp; que Por eso hoy, la organizaci\u00f3n y lucha independiente es deber imprescindible de la clase trabajadora para ejercer la cr\u00edtica pol\u00edtica y emprender el sendero emancipador contra la clase de los opresores y explotadores.<\/p>\n\n\n\n<p><em>Por Roberto Meza\/Zunoticia<\/em><\/p>\n\n\n\n<p>Pie.<\/p>\n\n\n\n<p>Conmemorar\u00e1n el 39 aniversario de fundaci\u00f3n de la localidad de Crisolco.<\/p>\n","protected":false},"excerpt":{"rendered":"<p>Yahualica, Hgo.- Las autoridades civiles y ejidales, as\u00ed como vecinos en general de la comunidad de Crisolco, Yahualica,&nbsp; en coordinaci\u00f3n con las comunidades organizadas en el Frente Nacional de Lucha por el Socialismo (FNLS); conmemorar\u00e1n&nbsp; el 39 aniversario de la recuperaci\u00f3n de la tierra y su defensa, fundaci\u00f3n del N\u00facleo de Poblaci\u00f3n Ejidal de Crisolco&hellip; <a class=\"more-link\" href=\"https:\/\/www.zunoticia.com\/noticias-de-hidalgo\/2021\/04\/30\/conmemoraran-el-39-aniversario-de-la-comunidad-de-crisolco\/\">Seguir leyendo <span class=\"screen-reader-text\">Conmemorar\u00e1n el 39 aniversario de la comunidad de Crisolco<\/span><\/a><\/p>\n","protected":false},"author":12,"featured_media":370693,"comment_status":"open","ping_status":"open","sticky":false,"template":"","format":"standard","meta":{"rop_custom_images_group":[],"rop_custom_messages_group":[],"rop_publish_now":"initial","rop_publish_now_accounts":{"facebook_10159540855086992_322828327761733":""},"rop_publish_now_history":[],"rop_publish_now_status":"pending","footnotes":""},"categories":[179,203],"tags":[123],"class_list":["post-370682","post","type-post","status-publish","format-standard","has-post-thumbnail","hentry","category-huasteca","category-yahualica","tag-yahualica","entry"],"_links":{"self":[{"href":"https:\/\/www.zunoticia.com\/noticias-de-hidalgo\/wp-json\/wp\/v2\/posts\/370682","targetHints":{"allow":["GET"]}}],"collection":[{"href":"https:\/\/www.zunoticia.com\/noticias-de-hidalgo\/wp-json\/wp\/v2\/posts"}],"about":[{"href":"https:\/\/www.zunoticia.com\/noticias-de-hidalgo\/wp-json\/wp\/v2\/types\/post"}],"author":[{"embeddable":true,"href":"https:\/\/www.zunoticia.com\/noticias-de-hidalgo\/wp-json\/wp\/v2\/users\/12"}],"replies":[{"embeddable":true,"href":"https:\/\/www.zunoticia.com\/noticias-de-hidalgo\/wp-json\/wp\/v2\/comments?post=370682"}],"version-history":[{"count":1,"href":"https:\/\/www.zunoticia.com\/noticias-de-hidalgo\/wp-json\/wp\/v2\/posts\/370682\/revisions"}],"predecessor-version":[{"id":370694,"href":"https:\/\/www.zunoticia.com\/noticias-de-hidalgo\/wp-json\/wp\/v2\/posts\/370682\/revisions\/370694"}],"wp:featuredmedia":[{"embeddable":true,"href":"https:\/\/www.zunoticia.com\/noticias-de-hidalgo\/wp-json\/wp\/v2\/media\/370693"}],"wp:attachment":[{"href":"https:\/\/www.zunoticia.com\/noticias-de-hidalgo\/wp-json\/wp\/v2\/media?parent=370682"}],"wp:term":[{"taxonomy":"category","embeddable":true,"href":"https:\/\/www.zunoticia.com\/noticias-de-hidalgo\/wp-json\/wp\/v2\/categories?post=370682"},{"taxonomy":"post_tag","embeddable":true,"href":"https:\/\/www.zunoticia.com\/noticias-de-hidalgo\/wp-json\/wp\/v2\/tags?post=370682"}],"curies":[{"name":"wp","href":"https:\/\/api.w.org\/{rel}","templated":true}]}}