{"id":370697,"date":"2021-04-30T14:43:06","date_gmt":"2021-04-30T20:43:06","guid":{"rendered":"http:\/\/www.zunoticia.com\/noticias-de-hidalgo\/?p=370697"},"modified":"2021-04-30T14:43:07","modified_gmt":"2021-04-30T20:43:07","slug":"fundamental-el-respeto-a-los-derechos-de-los-ninos","status":"publish","type":"post","link":"https:\/\/www.zunoticia.com\/noticias-de-hidalgo\/2021\/04\/30\/fundamental-el-respeto-a-los-derechos-de-los-ninos\/","title":{"rendered":"Fundamental el respeto a los derechos de los ni\u00f1os"},"content":{"rendered":"<aside class=\"mashsb-container mashsb-main mashsb-stretched\"><div class=\"mashsb-box\"><div class=\"mashsb-count mash-large\" style=\"float:left\"><div class=\"counts mashsbcount\">0<\/div><span class=\"mashsb-sharetext\">SHARES<\/span><\/div><div class=\"mashsb-buttons\"><a class=\"mashicon-facebook mash-large mash-center mashsb-noshadow\" href=\"https:\/\/www.facebook.com\/sharer.php?u=https%3A%2F%2Fwww.zunoticia.com%2Fnoticias-de-hidalgo%2F2021%2F04%2F30%2Ffundamental-el-respeto-a-los-derechos-de-los-ninos%2F\" target=\"_top\" rel=\"nofollow\"><span class=\"icon\"><\/span><span class=\"text\">Share<\/span><\/a><a class=\"mashicon-twitter mash-large mash-center mashsb-noshadow\" href=\"https:\/\/twitter.com\/intent\/tweet?text=&amp;url=https:\/\/www.zunoticia.com\/noticias-de-hidalgo\/2021\/04\/30\/fundamental-el-respeto-a-los-derechos-de-los-ninos\/\" target=\"_top\" rel=\"nofollow\"><span class=\"icon\"><\/span><span class=\"text\">Tweet<\/span><\/a><div class=\"onoffswitch2 mash-large mashsb-noshadow\" style=\"display:none\"><\/div><\/div>\n            <\/div>\n                <div style=\"clear:both\"><\/div><div class=\"mashsb-toggle-container\"><\/div><\/aside>\n            <!-- Share buttons by mashshare.net - Version: 4.0.47-->\n<p><strong>Yahualica, Hgo.-<\/strong> En el marco del d\u00eda del ni\u00f1o, el abogado Francisco Aguado, dijo que los derechos de los ni\u00f1os, en esta nueva era, ocupan un lugar muy importante en nuestro pa\u00eds, tal como est\u00e1 plasmado en la constituci\u00f3n y por ello es fundamental respetarlos.<\/p>\n\n\n\n<p>Agreg\u00f3 que el derecho de los ni\u00f1os en M\u00e9xico, fue elevado a rango constitucional siendo as\u00ed que en nuestra carta magna se plasma el inter\u00e9s superior de los ni\u00f1os que todas las autoridades tienen que tomar prioridad cuando exista un menoscabo por este inter\u00e9s.<\/p>\n\n\n\n<p>Apunt\u00f3 que M\u00e9xico est\u00e1 a la vanguardia en este tema y todas sus instituciones de impartici\u00f3n de justicia est\u00e1n obligados a atenderla. Es por ello que est\u00e1n obligados a obedecer y proteger este inter\u00e9s superior del menor del cual abarca a todos los ni\u00f1os del pa\u00eds sin menoscabo de credo o religi\u00f3n, el cual incluye a ni\u00f1os migrantes<\/p>\n\n\n\n<p>Subray\u00f3 que los ni\u00f1os cuentan con sus derechos, por ejemplo de llevar una vida libre de violencia, al estudio, a la alimentaci\u00f3n, al vestido, a la recreaci\u00f3n y dem\u00e1s aspectos.<\/p>\n\n\n\n<p>Para terminar se\u00f1al\u00f3 que es necesario que en los n\u00facleos familiares donde hay violencia familiar deben de tomar conciencia del maltrato que est\u00e1n generando en ese peque\u00f1o, ya que lo que siembren en esos peque\u00f1os ser\u00e1n los frutos que se habr\u00e1n de recoger en el futuro.<\/p>\n\n\n\n<p><em>Por Roberto Meza\/Zunoticia<\/em><\/p>\n","protected":false},"excerpt":{"rendered":"<p>Yahualica, Hgo.- En el marco del d\u00eda del ni\u00f1o, el abogado Francisco Aguado, dijo que los derechos de los ni\u00f1os, en esta nueva era, ocupan un lugar muy importante en nuestro pa\u00eds, tal como est\u00e1 plasmado en la constituci\u00f3n y por ello es fundamental respetarlos. Agreg\u00f3 que el derecho de los ni\u00f1os en M\u00e9xico, fue&hellip; <a class=\"more-link\" href=\"https:\/\/www.zunoticia.com\/noticias-de-hidalgo\/2021\/04\/30\/fundamental-el-respeto-a-los-derechos-de-los-ninos\/\">Seguir leyendo <span class=\"screen-reader-text\">Fundamental el respeto a los derechos de los ni\u00f1os<\/span><\/a><\/p>\n","protected":false},"author":12,"featured_media":370692,"comment_status":"open","ping_status":"open","sticky":false,"template":"","format":"standard","meta":{"rop_custom_images_group":[],"rop_custom_messages_group":[],"rop_publish_now":"initial","rop_publish_now_accounts":{"facebook_10159540855086992_322828327761733":""},"rop_publish_now_history":[],"rop_publish_now_status":"pending","footnotes":""},"categories":[179,203],"tags":[123],"class_list":["post-370697","post","type-post","status-publish","format-standard","has-post-thumbnail","hentry","category-huasteca","category-yahualica","tag-yahualica","entry"],"_links":{"self":[{"href":"https:\/\/www.zunoticia.com\/noticias-de-hidalgo\/wp-json\/wp\/v2\/posts\/370697","targetHints":{"allow":["GET"]}}],"collection":[{"href":"https:\/\/www.zunoticia.com\/noticias-de-hidalgo\/wp-json\/wp\/v2\/posts"}],"about":[{"href":"https:\/\/www.zunoticia.com\/noticias-de-hidalgo\/wp-json\/wp\/v2\/types\/post"}],"author":[{"embeddable":true,"href":"https:\/\/www.zunoticia.com\/noticias-de-hidalgo\/wp-json\/wp\/v2\/users\/12"}],"replies":[{"embeddable":true,"href":"https:\/\/www.zunoticia.com\/noticias-de-hidalgo\/wp-json\/wp\/v2\/comments?post=370697"}],"version-history":[{"count":1,"href":"https:\/\/www.zunoticia.com\/noticias-de-hidalgo\/wp-json\/wp\/v2\/posts\/370697\/revisions"}],"predecessor-version":[{"id":370707,"href":"https:\/\/www.zunoticia.com\/noticias-de-hidalgo\/wp-json\/wp\/v2\/posts\/370697\/revisions\/370707"}],"wp:featuredmedia":[{"embeddable":true,"href":"https:\/\/www.zunoticia.com\/noticias-de-hidalgo\/wp-json\/wp\/v2\/media\/370692"}],"wp:attachment":[{"href":"https:\/\/www.zunoticia.com\/noticias-de-hidalgo\/wp-json\/wp\/v2\/media?parent=370697"}],"wp:term":[{"taxonomy":"category","embeddable":true,"href":"https:\/\/www.zunoticia.com\/noticias-de-hidalgo\/wp-json\/wp\/v2\/categories?post=370697"},{"taxonomy":"post_tag","embeddable":true,"href":"https:\/\/www.zunoticia.com\/noticias-de-hidalgo\/wp-json\/wp\/v2\/tags?post=370697"}],"curies":[{"name":"wp","href":"https:\/\/api.w.org\/{rel}","templated":true}]}}