{"id":372433,"date":"2021-05-09T21:21:46","date_gmt":"2021-05-10T03:21:46","guid":{"rendered":"http:\/\/www.zunoticia.com\/noticias-de-hidalgo\/?p=372433"},"modified":"2021-05-09T21:21:50","modified_gmt":"2021-05-10T03:21:50","slug":"victor-fernel-aceptacion-total-en-el-tianguis-de-santa-teresa-yahualica","status":"publish","type":"post","link":"https:\/\/www.zunoticia.com\/noticias-de-hidalgo\/2021\/05\/09\/victor-fernel-aceptacion-total-en-el-tianguis-de-santa-teresa-yahualica\/","title":{"rendered":"V\u00edctor Fernel aceptaci\u00f3n total en el tianguis de Santa Teresa Yahualica"},"content":{"rendered":"<aside class=\"mashsb-container mashsb-main mashsb-stretched\"><div class=\"mashsb-box\"><div class=\"mashsb-count mash-large\" style=\"float:left\"><div class=\"counts mashsbcount\">29<\/div><span class=\"mashsb-sharetext\">SHARES<\/span><\/div><div class=\"mashsb-buttons\"><a class=\"mashicon-facebook mash-large mash-center mashsb-noshadow\" href=\"https:\/\/www.facebook.com\/sharer.php?u=https%3A%2F%2Fwww.zunoticia.com%2Fnoticias-de-hidalgo%2F2021%2F05%2F09%2Fvictor-fernel-aceptacion-total-en-el-tianguis-de-santa-teresa-yahualica%2F\" target=\"_top\" rel=\"nofollow\"><span class=\"icon\"><\/span><span class=\"text\">Share<\/span><\/a><a class=\"mashicon-twitter mash-large mash-center mashsb-noshadow\" href=\"https:\/\/twitter.com\/intent\/tweet?text=&amp;url=https:\/\/www.zunoticia.com\/noticias-de-hidalgo\/2021\/05\/09\/victor-fernel-aceptacion-total-en-el-tianguis-de-santa-teresa-yahualica\/\" target=\"_top\" rel=\"nofollow\"><span class=\"icon\"><\/span><span class=\"text\">Tweet<\/span><\/a><div class=\"onoffswitch2 mash-large mashsb-noshadow\" style=\"display:none\"><\/div><\/div>\n            <\/div>\n                <div style=\"clear:both\"><\/div><div class=\"mashsb-toggle-container\"><\/div><\/aside>\n            <!-- Share buttons by mashshare.net - Version: 4.0.47-->\n<p><strong>Yahualica Hgo.-<\/strong> Hace algunos d\u00edas el candidato V\u00edctor Fernel Guzm\u00e1n Arvizu candidato del PRI a Diputado Local por el Distrito III, dio un recorrido de casi m\u00e1s de tres horas saludando y platicando con comerciantes del ic\u00f3nico tianguis de Yahualica, en su caminata la gente demostr\u00f3 gran inter\u00e9s por el oriundo de San Felipe Orizatl\u00e1n, menciono sentirse en casa y se comprometi\u00f3 a ser un gran defensor de la sierra y la huasteca ante el Congreso.<\/p>\n\n\n\n<p>El candidato aseguro que ser\u00e1 la voz de los j\u00f3venes, impulsando la participaci\u00f3n de la juventud sus ideas, necesidades y talento, habilidades que ser\u00e1n determinantes para impulsar el desarrollo del Distrito III.<\/p>\n\n\n\n<p>Sorprendidas las mujeres de la regi\u00f3n por su presencia interrumpieron su recorrido para obtener palabras del joven orizatlense el cual se mostr\u00f3 comprometido con las mujeres de la sierra y la huasteca en funci\u00f3n de igualdad de oportunidades y derechos, y educaci\u00f3n como v\u00edas de desarrollo de cada una de sus familias.<\/p>\n\n\n\n<p>Preocupado por la situaci\u00f3n de pandemia en la que se encuentra el pa\u00eds entero, recalc\u00f3 la importancia de fortalecer los \u00e1mbitos de salud, cl\u00ednica y medicamento en todas las localidades.<\/p>\n\n\n\n<p><em>Por Zunoticia\/Redacci\u00f3n<\/em><\/p>\n","protected":false},"excerpt":{"rendered":"<p>Yahualica Hgo.- Hace algunos d\u00edas el candidato V\u00edctor Fernel Guzm\u00e1n Arvizu candidato del PRI a Diputado Local por el Distrito III, dio un recorrido de casi m\u00e1s de tres horas saludando y platicando con comerciantes del ic\u00f3nico tianguis de Yahualica, en su caminata la gente demostr\u00f3 gran inter\u00e9s por el oriundo de San Felipe Orizatl\u00e1n,&hellip; <a class=\"more-link\" href=\"https:\/\/www.zunoticia.com\/noticias-de-hidalgo\/2021\/05\/09\/victor-fernel-aceptacion-total-en-el-tianguis-de-santa-teresa-yahualica\/\">Seguir leyendo <span class=\"screen-reader-text\">V\u00edctor Fernel aceptaci\u00f3n total en el tianguis de Santa Teresa Yahualica<\/span><\/a><\/p>\n","protected":false},"author":13,"featured_media":372437,"comment_status":"open","ping_status":"open","sticky":false,"template":"","format":"standard","meta":{"rop_custom_images_group":[],"rop_custom_messages_group":[],"rop_publish_now":"initial","rop_publish_now_accounts":{"facebook_10159540855086992_322828327761733":""},"rop_publish_now_history":[],"rop_publish_now_status":"pending","footnotes":""},"categories":[179,203],"tags":[123],"class_list":["post-372433","post","type-post","status-publish","format-standard","has-post-thumbnail","hentry","category-huasteca","category-yahualica","tag-yahualica","entry"],"_links":{"self":[{"href":"https:\/\/www.zunoticia.com\/noticias-de-hidalgo\/wp-json\/wp\/v2\/posts\/372433","targetHints":{"allow":["GET"]}}],"collection":[{"href":"https:\/\/www.zunoticia.com\/noticias-de-hidalgo\/wp-json\/wp\/v2\/posts"}],"about":[{"href":"https:\/\/www.zunoticia.com\/noticias-de-hidalgo\/wp-json\/wp\/v2\/types\/post"}],"author":[{"embeddable":true,"href":"https:\/\/www.zunoticia.com\/noticias-de-hidalgo\/wp-json\/wp\/v2\/users\/13"}],"replies":[{"embeddable":true,"href":"https:\/\/www.zunoticia.com\/noticias-de-hidalgo\/wp-json\/wp\/v2\/comments?post=372433"}],"version-history":[{"count":1,"href":"https:\/\/www.zunoticia.com\/noticias-de-hidalgo\/wp-json\/wp\/v2\/posts\/372433\/revisions"}],"predecessor-version":[{"id":372438,"href":"https:\/\/www.zunoticia.com\/noticias-de-hidalgo\/wp-json\/wp\/v2\/posts\/372433\/revisions\/372438"}],"wp:featuredmedia":[{"embeddable":true,"href":"https:\/\/www.zunoticia.com\/noticias-de-hidalgo\/wp-json\/wp\/v2\/media\/372437"}],"wp:attachment":[{"href":"https:\/\/www.zunoticia.com\/noticias-de-hidalgo\/wp-json\/wp\/v2\/media?parent=372433"}],"wp:term":[{"taxonomy":"category","embeddable":true,"href":"https:\/\/www.zunoticia.com\/noticias-de-hidalgo\/wp-json\/wp\/v2\/categories?post=372433"},{"taxonomy":"post_tag","embeddable":true,"href":"https:\/\/www.zunoticia.com\/noticias-de-hidalgo\/wp-json\/wp\/v2\/tags?post=372433"}],"curies":[{"name":"wp","href":"https:\/\/api.w.org\/{rel}","templated":true}]}}