{"id":379986,"date":"2021-06-10T17:27:38","date_gmt":"2021-06-10T23:27:38","guid":{"rendered":"https:\/\/www.zunoticia.com\/noticias-de-hidalgo\/?p=379986"},"modified":"2021-06-10T17:27:39","modified_gmt":"2021-06-10T23:27:39","slug":"edil-se-aplico-vacuna-contra-covid-19","status":"publish","type":"post","link":"https:\/\/www.zunoticia.com\/noticias-de-hidalgo\/2021\/06\/10\/edil-se-aplico-vacuna-contra-covid-19\/","title":{"rendered":"Edil se aplic\u00f3 vacuna contra covid 19"},"content":{"rendered":"<aside class=\"mashsb-container mashsb-main mashsb-stretched\"><div class=\"mashsb-box\"><div class=\"mashsb-count mash-large\" style=\"float:left\"><div class=\"counts mashsbcount\">27<\/div><span class=\"mashsb-sharetext\">SHARES<\/span><\/div><div class=\"mashsb-buttons\"><a class=\"mashicon-facebook mash-large mash-center mashsb-noshadow\" href=\"https:\/\/www.facebook.com\/sharer.php?u=https%3A%2F%2Fwww.zunoticia.com%2Fnoticias-de-hidalgo%2F2021%2F06%2F10%2Fedil-se-aplico-vacuna-contra-covid-19%2F\" target=\"_top\" rel=\"nofollow\"><span class=\"icon\"><\/span><span class=\"text\">Share<\/span><\/a><a class=\"mashicon-twitter mash-large mash-center mashsb-noshadow\" href=\"https:\/\/twitter.com\/intent\/tweet?text=&amp;url=https:\/\/www.zunoticia.com\/noticias-de-hidalgo\/2021\/06\/10\/edil-se-aplico-vacuna-contra-covid-19\/\" target=\"_top\" rel=\"nofollow\"><span class=\"icon\"><\/span><span class=\"text\">Tweet<\/span><\/a><div class=\"onoffswitch2 mash-large mashsb-noshadow\" style=\"display:none\"><\/div><\/div>\n            <\/div>\n                <div style=\"clear:both\"><\/div><div class=\"mashsb-toggle-container\"><\/div><\/aside>\n            <!-- Share buttons by mashshare.net - Version: 4.0.47-->\n<p><strong>Yahualica, Hgo. &#8211; <\/strong>El presidente municipal El\u00edas Sanju\u00e1n S\u00e1nchez, este d\u00eda acudi\u00f3 al puesto de vacunaci\u00f3n en la comunidad de Tlalchiyahualica, para aplicarse la vacuna contra covid 19, como una nuestra de ejemplo hacia la ciudadan\u00eda, al mismo tiempo exhort\u00f3 a todos participar en este tipo de campa\u00f1as de salud.<\/p>\n\n\n\n<p>Al respeto el mun\u00edcipe se\u00f1al\u00f3 &#8220;d\u00eda de hoy asist\u00ed a la cede de vacunaci\u00f3n contra el COVID-19 en la localidad de Tlalchiyahualica. Agradezco y reconozco la gran labor que desempe\u00f1a el personal m\u00e9dico, administrativo y polic\u00edaco-militar en estas acciones emprendidas para el buen estado de salud de las y los mexicanos&#8221;.<\/p>\n\n\n\n<p>Cabe hacer menci\u00f3n que en esta campa\u00f1a de vacunaci\u00f3n participan las personas de 40-49 a\u00f1os de edad en al menos tres sedes de vacunaci\u00f3n.<\/p>\n\n\n\n<p><em>Por Zunoticia\/Redacci\u00f3n<\/em><\/p>\n","protected":false},"excerpt":{"rendered":"<p>Yahualica, Hgo. &#8211; El presidente municipal El\u00edas Sanju\u00e1n S\u00e1nchez, este d\u00eda acudi\u00f3 al puesto de vacunaci\u00f3n en la comunidad de Tlalchiyahualica, para aplicarse la vacuna contra covid 19, como una nuestra de ejemplo hacia la ciudadan\u00eda, al mismo tiempo exhort\u00f3 a todos participar en este tipo de campa\u00f1as de salud. Al respeto el mun\u00edcipe se\u00f1al\u00f3&hellip; <a class=\"more-link\" href=\"https:\/\/www.zunoticia.com\/noticias-de-hidalgo\/2021\/06\/10\/edil-se-aplico-vacuna-contra-covid-19\/\">Seguir leyendo <span class=\"screen-reader-text\">Edil se aplic\u00f3 vacuna contra covid 19<\/span><\/a><\/p>\n","protected":false},"author":13,"featured_media":379987,"comment_status":"open","ping_status":"open","sticky":false,"template":"","format":"standard","meta":{"rop_custom_images_group":[],"rop_custom_messages_group":[],"rop_publish_now":"initial","rop_publish_now_accounts":{"facebook_10159540855086992_322828327761733":""},"rop_publish_now_history":[],"rop_publish_now_status":"pending","footnotes":""},"categories":[179,203],"tags":[123],"class_list":["post-379986","post","type-post","status-publish","format-standard","has-post-thumbnail","hentry","category-huasteca","category-yahualica","tag-yahualica","entry"],"_links":{"self":[{"href":"https:\/\/www.zunoticia.com\/noticias-de-hidalgo\/wp-json\/wp\/v2\/posts\/379986","targetHints":{"allow":["GET"]}}],"collection":[{"href":"https:\/\/www.zunoticia.com\/noticias-de-hidalgo\/wp-json\/wp\/v2\/posts"}],"about":[{"href":"https:\/\/www.zunoticia.com\/noticias-de-hidalgo\/wp-json\/wp\/v2\/types\/post"}],"author":[{"embeddable":true,"href":"https:\/\/www.zunoticia.com\/noticias-de-hidalgo\/wp-json\/wp\/v2\/users\/13"}],"replies":[{"embeddable":true,"href":"https:\/\/www.zunoticia.com\/noticias-de-hidalgo\/wp-json\/wp\/v2\/comments?post=379986"}],"version-history":[{"count":1,"href":"https:\/\/www.zunoticia.com\/noticias-de-hidalgo\/wp-json\/wp\/v2\/posts\/379986\/revisions"}],"predecessor-version":[{"id":379988,"href":"https:\/\/www.zunoticia.com\/noticias-de-hidalgo\/wp-json\/wp\/v2\/posts\/379986\/revisions\/379988"}],"wp:featuredmedia":[{"embeddable":true,"href":"https:\/\/www.zunoticia.com\/noticias-de-hidalgo\/wp-json\/wp\/v2\/media\/379987"}],"wp:attachment":[{"href":"https:\/\/www.zunoticia.com\/noticias-de-hidalgo\/wp-json\/wp\/v2\/media?parent=379986"}],"wp:term":[{"taxonomy":"category","embeddable":true,"href":"https:\/\/www.zunoticia.com\/noticias-de-hidalgo\/wp-json\/wp\/v2\/categories?post=379986"},{"taxonomy":"post_tag","embeddable":true,"href":"https:\/\/www.zunoticia.com\/noticias-de-hidalgo\/wp-json\/wp\/v2\/tags?post=379986"}],"curies":[{"name":"wp","href":"https:\/\/api.w.org\/{rel}","templated":true}]}}